{"id":11740,"date":"2012-04-02T13:53:30","date_gmt":"2012-04-02T17:53:30","guid":{"rendered":"http:\/\/theredphoenixapl.org\/?p=11740"},"modified":"2012-04-02T13:53:30","modified_gmt":"2012-04-02T17:53:30","slug":"miami-police-detective-says-racism-alive-and-well","status":"publish","type":"post","link":"https:\/\/redphoenix.news\/es\/2012\/04\/miami-police-detective-says-racism-alive-and-well\/","title":{"rendered":"Un detective de la polic\u00eda de Miami afirma que el racismo \u201csigue muy presente\u201d.\u201d"},"content":{"rendered":"<p><span style=\"color:#000000;\"><a href=\"https:\/\/i0.wp.com\/redphoenixnews.com\/wp-content\/uploads\/2012\/04\/031612-national-parents-trayvon-martin.jpg\"><span style=\"color:#000000;\"><img data-recalc-dims=\"1\" decoding=\"async\" loading=\"lazy\" class=\"aligncenter size-full wp-image-11742\" title=\"031612-padres-nacionales-trayvon-martin\" src=\"https:\/\/i0.wp.com\/redphoenixnews.com\/wp-content\/uploads\/2012\/04\/031612-national-parents-trayvon-martin.jpg?resize=490%2C275\" alt=\"\" width=\"490\" height=\"275\" \/><\/span><\/a><\/span><br \/>\n<span style=\"color:#000000;\"> <strong>(Reuters) \u2013 Un veterano polic\u00eda negro de Miami declar\u00f3 el martes que &quot;el racismo sigue muy presente&quot; en Estados Unidos y que esto se evidencia en el caso de Trayvon Martin, el adolescente afroamericano desarmado que fue asesinado a tiros por un voluntario de vigilancia vecinal en el centro de Florida el mes pasado.<\/strong><\/span><\/p>\n<p><span style=\"color:#000000;\">George Zimmerman, el voluntario blanco hispano del programa de vigilancia vecinal contra el crimen, ha logrado evitar ser arrestado bajo la controvertida ley de Florida &quot;Defiende tu posici\u00f3n&quot; porque afirma que dispar\u00f3 y mat\u00f3 a Martin en defensa propia.<\/span><\/p>\n<p><span style=\"color:#000000;\">Pero el sargento Ervens Ford, detective de homicidios del Departamento de Polic\u00eda de Miami, quien se ha sumado a las protestas p\u00fablicas para exigir justicia para Martin, dijo en una entrevista que la ley no se aplica en este caso con tintes raciales.<\/span><\/p>\n<p><span style=\"color:#000000;\">\u201c\u00c9l (Martin) habr\u00eda tenido un mejor caso de \u2018Defensa Propia\u2019 que Zimmerman\u201d, dijo Ford.<\/span><\/p>\n<p><span style=\"color:#000000;\">\u201cNo se aplica cuando persigues a una persona, cuando, esencialmente, eres el agresor\u201d, dijo.<\/span><\/p>\n<p><span style=\"color:#000000;\">Se refer\u00eda al hecho de que Zimmerman, de 28 a\u00f1os, dijo en una llamada al 911 que estaba persiguiendo a Martin, de 17 a\u00f1os, poco antes del tiroteo porque parec\u00eda estar tramando algo y vest\u00eda una sudadera con capucha.<\/span><\/p>\n<p><span style=\"color:#000000;\">Durante la llamada, Zimmerman tambi\u00e9n identific\u00f3 a Martin como un joven negro.<\/span><\/p>\n<p><span style=\"color:#000000;\">La ley &quot;Stand Your Ground&quot; (Defiende tu posici\u00f3n), aprobada en 2005, ampli\u00f3 considerablemente la definici\u00f3n legal de leg\u00edtima defensa en Florida. Seg\u00fan la Campa\u00f1a Brady para Prevenir la Violencia Armada, desde entonces, otros 23 estados han adoptado leyes similares.<\/span><\/p>\n<p><span style=\"color:#000000;\">HECHOS A\u00daN EN DISPUTA<\/span><\/p>\n<p><span style=\"color:#000000;\">Los hechos que condujeron al asesinato de Martin en una urbanizaci\u00f3n privada en Sanford, Florida, el 26 de febrero, siguen siendo objeto de controversia.<\/span><\/p>\n<p><span style=\"color:#000000;\">Sin importar lo que realmente sucedi\u00f3, dijo Ford, Martin sin duda habr\u00eda sido arrestado si hubiera matado al rubio Zimmerman. En cambio, termin\u00f3 siendo v\u00edctima de la pistola semiautom\u00e1tica de 9 mm que Zimmerman portaba oculta en la cintura.<\/span><\/p>\n<p><span style=\"color:#000000;\">\u201cLlevo trabajando en homicidios desde el 96 y esa es mi opini\u00f3n personal\u2019, dijo Ford. \u201dNo se le puede dar a una persona negra el beneficio de la duda. Y es lamentable, pero es un hecho\u201c.\u201d<\/span><\/p>\n<p><span style=\"color:#000000;\">\u201cEs injusto, el racismo sigue muy presente\u201d, a\u00f1adi\u00f3.<\/span><\/p>\n<p><span style=\"color:#000000;\">\u201cTengo algunos colegas que discrepan conmigo por completo, y por supuesto tengo que recordarles que yo era un hombre negro mucho antes de empezar a llevar una placa\u201d, dijo Ford.<\/span><\/p>\n<p><span style=\"color:#000000;\">El abogado de Zimmerman, Craig Sonner, afirm\u00f3 que su cliente actu\u00f3 en defensa propia, no por prejuicios raciales. &quot;No se trat\u00f3 de una situaci\u00f3n motivada por el racismo&quot;, declar\u00f3 Sonner a Reuters el s\u00e1bado.<\/span><\/p>\n<p><span style=\"color:#000000;\">Ford, de 46 a\u00f1os, dijo que el lunes condujo m\u00e1s de cuatro horas hacia el norte desde Miami hasta Sanford para participar junto con miles de personas en una protesta contra la forma en que las autoridades manejaron el caso Martin.<\/span><\/p>\n<p><span style=\"color:#000000;\">Como padre negro, reconoci\u00f3 sentir una profunda conmoci\u00f3n personal por el tiroteo en el suburbio de Orlando, ya que uno de sus tres hijos se parece mucho a Martin y &quot;f\u00e1cilmente, f\u00e1cilmente&quot; podr\u00eda haber sido la v\u00edctima de Zimmerman.<\/span><\/p>\n<p><span style=\"color:#000000;\">\u201cEso es miedo a la realidad\u201d, dijo Ford.<\/span><\/p>\n<p><span style=\"color:#000000;\">\u201cNo renunci\u00e9 a mis derechos constitucionales cuando me convert\u00ed en polic\u00eda. De hecho, me hice polic\u00eda porque quer\u00eda garantizar mis derechos constitucionales y los de todos los dem\u00e1s\u201d, dijo.<\/span><\/p>\n<p><span style=\"color:#000000;\">\u201cLos que me han llamado y me dicen que es poco profesional protestar y tomar postura sobre esto, esos son los idiotas.\u201d<\/span><\/p>\n<p><span style=\"color:#000000;\">Ford dijo que su consejo a sus propios hijos era que trataran de evitar cualquier se\u00f1al de conflicto, especialmente con los agentes del orden.<\/span><\/p>\n<p><span style=\"color:#000000;\">\u201cNo es un conflicto que los j\u00f3venes negros vayan a ganar. Desafortunadamente, van a perder siempre\u201d, dijo.<\/span><\/p>\n<p><span style=\"color:#0000ff;\"><a href=\"http:\/\/www.reuters.com\/article\/2012\/03\/27\/us-usa-florida-racism-idUSBRE82Q1DG20120327\"><span style=\"color:#0000ff;\">Fuente<\/span><\/a><\/span><\/p>","protected":false},"excerpt":{"rendered":"<p>(Reuters) &#8211; A black veteran Miami police officer said on Tuesday that &#8220;racism is alive and well&#8221; in the United States and is evident in..<\/p>","protected":false},"author":1,"featured_media":38722,"comment_status":"open","ping_status":"open","sticky":false,"template":"","format":"standard","meta":{"nf_dc_page":"","_monsterinsights_skip_tracking":false,"_monsterinsights_sitenote_active":false,"_monsterinsights_sitenote_note":"","_monsterinsights_sitenote_category":0,"jetpack_post_was_ever_published":false,"_jetpack_newsletter_access":"","_jetpack_dont_email_post_to_subs":false,"_jetpack_newsletter_tier_id":0,"_jetpack_memberships_contains_paywalled_content":false,"_jetpack_memberships_contains_paid_content":false,"footnotes":""},"categories":[149,166,84,97],"tags":[197,357,227,347],"class_list":["post-11740","post","type-post","status-publish","format-standard","has-post-thumbnail","hentry","category-discrimination","category-government","category-statements","category-us-news","tag-imperialism","tag-racism","tag-racist-oppression","tag-workers-struggle"],"jetpack_featured_media_url":"https:\/\/i0.wp.com\/redphoenix.news\/wp-content\/uploads\/2026\/04\/031612-national-parents-trayvon-martin_11740_db90a.jpg?fit=628%2C353&ssl=1","jetpack_sharing_enabled":true,"_links":{"self":[{"href":"https:\/\/redphoenix.news\/es\/wp-json\/wp\/v2\/posts\/11740","targetHints":{"allow":["GET"]}}],"collection":[{"href":"https:\/\/redphoenix.news\/es\/wp-json\/wp\/v2\/posts"}],"about":[{"href":"https:\/\/redphoenix.news\/es\/wp-json\/wp\/v2\/types\/post"}],"author":[{"embeddable":true,"href":"https:\/\/redphoenix.news\/es\/wp-json\/wp\/v2\/users\/1"}],"replies":[{"embeddable":true,"href":"https:\/\/redphoenix.news\/es\/wp-json\/wp\/v2\/comments?post=11740"}],"version-history":[{"count":0,"href":"https:\/\/redphoenix.news\/es\/wp-json\/wp\/v2\/posts\/11740\/revisions"}],"wp:featuredmedia":[{"embeddable":true,"href":"https:\/\/redphoenix.news\/es\/wp-json\/wp\/v2\/media\/38722"}],"wp:attachment":[{"href":"https:\/\/redphoenix.news\/es\/wp-json\/wp\/v2\/media?parent=11740"}],"wp:term":[{"taxonomy":"category","embeddable":true,"href":"https:\/\/redphoenix.news\/es\/wp-json\/wp\/v2\/categories?post=11740"},{"taxonomy":"post_tag","embeddable":true,"href":"https:\/\/redphoenix.news\/es\/wp-json\/wp\/v2\/tags?post=11740"}],"curies":[{"name":"wp","href":"https:\/\/api.w.org\/{rel}","templated":true}]}}