{"id":17778,"date":"2013-05-11T23:10:50","date_gmt":"2013-05-12T03:10:50","guid":{"rendered":"http:\/\/theredphoenixapl.org\/?p=17778"},"modified":"2013-05-11T23:10:50","modified_gmt":"2013-05-12T03:10:50","slug":"former-u-s-backed-military-dictator-efrain-rios-montt-found-guilty-of-genocide-in-guatemala","status":"publish","type":"post","link":"https:\/\/redphoenix.news\/es\/2013\/05\/former-u-s-backed-military-dictator-efrain-rios-montt-found-guilty-of-genocide-in-guatemala\/","title":{"rendered":"Former U.S.-Backed Military Dictator Efrain Rios Montt Found Guilty of Genocide in Guatemala"},"content":{"rendered":"<p style=\"text-align:center;\"><a href=\"https:\/\/i0.wp.com\/redphoenixnews.com\/wp-content\/uploads\/2013\/05\/unnamed.jpg\"><img data-recalc-dims=\"1\" decoding=\"async\" loading=\"lazy\" class=\"size-full wp-image-17779 aligncenter\" alt=\"unnamed\" src=\"https:\/\/i0.wp.com\/redphoenixnews.com\/wp-content\/uploads\/2013\/05\/unnamed.jpg?resize=490%2C275\" width=\"490\" height=\"275\" \/><\/a><\/p>\n<h3><strong>Efra\u00edn R\u00edos Montt held to account for abuses in campaign that killed an estimated 200,000 and led to 45,000 disappearances<\/strong><\/h3>\n<p><span style=\"color:#000000;\">The former Guatemalan dictator Efra\u00edn R\u00edos Montt was convicted of genocide on Friday after a court found him guilty of crimes against humanity for his role in the slaughter of 1,771 Mayan Ixils in the 1980s. He was sentenced to 80 years in prison.<\/span><\/p>\n<p><span style=\"color:#000000;\">It is the first time a former head of state has been found guilty of genocide in their own country.<\/span><\/p>\n<p><span style=\"color:#000000;\">&#8220;We are convinced that the acts the Ixil suffered constitute the crime of genocide,&#8221; said Judge Yazmin Barrios, adding that R\u00edos Montt &#8220;had knowledge of what was happening and did nothing to stop it&#8221;.<\/span><\/p>\n<p><span style=\"color:#000000;\">The trial was the first time a former head of government has been held to account in\u00a0Guatemala\u00a0for the abuses carried out during a 36-year conflict that killed an estimated 200,000 people and led to 45,000 other &#8220;disappearances&#8221;.<\/span><\/p>\n<p><span style=\"color:#000000;\">The vast majority of the victims were members of indigenous groups that make up about half of the population.<\/span><\/p>\n<p><span style=\"color:#000000;\">The verdict was hailed by victims&#8217; groups and\u00a0human rights\u00a0organisations as a step towards healing the psychological wounds from one of Latin America&#8217;s bloodiest civil wars.<\/span><\/p>\n<p><span style=\"color:#000000;\">His co-defendant, former intelligence chief Jos\u00e9 Mauricio Rodr\u00edguez S\u00e1nchez, was cleared by the court.<\/span><\/p>\n<p><span style=\"color:#000000;\">&#8220;This is healthy for Guatemala because it helps us free our demons,&#8221; said Helen Mack, a businesswoman and prominent human rights activist whose sister, an anthropologist, was killed by the Guatemalan army in 1990.<\/span><\/p>\n<p><span style=\"color:#000000;\">Pascal Paradis, director of<\/span>\u00a0<span style=\"color:#0000ff;\"><a title=\"\" href=\"http:\/\/www.asfcanada.ca\/en\/\"><span style=\"color:#0000ff;\">Lawyers Without Borders Canada<\/span><\/a><\/span><span style=\"color:#000000;\">, which has advised the victims&#8217; lawyers throughout the case, said the fact the trial happened at all was a big achievement.<\/span><\/p>\n<p><span style=\"color:#000000;\">&#8220;It was quite a feat to get past the amnesty law that was passed when Guatemala signed a peace deal in 1996 to end its 36-year war. Impunity is no longer the rule,&#8221; he said.<\/span><\/p>\n<p><span style=\"color:#000000;\">Others said the jailing of the 86-year-old was not enough, given the suffering of the victims.<\/span><\/p>\n<p><span style=\"color:#000000;\">&#8220;What I want is for R\u00edos to feel the pain we felt,&#8221; said Elena de Paz Santiago, who was 12 when she and her mother fled a massacre in their village in 1982.<\/span><\/p>\n<p><span style=\"color:#000000;\">They hid in the mountains and survived by eating roots and wild plants for months, before being caught and taken to an army outpost to cook and clean for the soldiers. Her mother died while they were both being gang-raped and was later buried in a mass grave.<\/span><\/p>\n<p><span style=\"color:#000000;\">&#8220;He [Rios Montt] will go to jail but he will have food. We nearly starved hiding out in the mountains,&#8221; she said in an interview outside the courtroom.<\/span><\/p>\n<p><span style=\"color:#000000;\">The legal battle is also far from over and R\u00edos Montt is expected to appeal.<\/span><\/p>\n<p><span style=\"color:#000000;\">&#8220;We still have a long way to go,&#8221; said Edwin Canil, a legal adviser to the victims who helped build the case against Rios Montt and is himself a survivor of a massacre in 1982.<\/span><\/p>\n<p><span style=\"color:#000000;\">The defence team challenged the validity of the trial throughout the three weeks of hearings.<\/span><\/p>\n<p><span style=\"color:#000000;\">Zury Rios, the former dictator&#8217;s daughter, complained of the &#8220;legal mismanagement&#8221; of the trial by the three-judge panel and what she called the &#8220;arbitrary form&#8221; in which it was conducted.<\/span><\/p>\n<p><span style=\"color:#0000ff;\"><a href=\"http:\/\/www.guardian.co.uk\/world\/2013\/may\/11\/guatemalan-dictator-rios-montt-jailed-genocide\"><span style=\"color:#0000ff;\">Source<\/span><\/a><\/span><\/p>\n","protected":false},"excerpt":{"rendered":"<p>Efra\u00edn R\u00edos Montt held to account for abuses in campaign that killed an estimated 200,000 and led to 45,000 disappearances The former Guatemalan dictator Efra\u00edn..<\/p>","protected":false},"author":1,"featured_media":38042,"comment_status":"open","ping_status":"open","sticky":false,"template":"","format":"standard","meta":{"nf_dc_page":"","_monsterinsights_skip_tracking":false,"_monsterinsights_sitenote_active":false,"_monsterinsights_sitenote_note":"","_monsterinsights_sitenote_category":0,"jetpack_post_was_ever_published":false,"_jetpack_newsletter_access":"","_jetpack_dont_email_post_to_subs":false,"_jetpack_newsletter_tier_id":0,"_jetpack_memberships_contains_paywalled_content":false,"_jetpack_memberships_contains_paid_content":false,"footnotes":""},"categories":[166,18,21,84,189,97],"tags":[338,197,226,357,345,351],"class_list":["post-17778","post","type-post","status-publish","format-standard","has-post-thumbnail","hentry","category-government","category-history","category-international","category-statements","category-us-military","category-us-news","tag-guatemala","tag-imperialism","tag-imperialist-war","tag-racism","tag-reactionary-watch","tag-world-history"],"jetpack_featured_media_url":"https:\/\/i0.wp.com\/redphoenix.news\/wp-content\/uploads\/2026\/04\/unnamed-1.jpg?fit=497%2C279&ssl=1","jetpack_sharing_enabled":true,"_links":{"self":[{"href":"https:\/\/redphoenix.news\/es\/wp-json\/wp\/v2\/posts\/17778","targetHints":{"allow":["GET"]}}],"collection":[{"href":"https:\/\/redphoenix.news\/es\/wp-json\/wp\/v2\/posts"}],"about":[{"href":"https:\/\/redphoenix.news\/es\/wp-json\/wp\/v2\/types\/post"}],"author":[{"embeddable":true,"href":"https:\/\/redphoenix.news\/es\/wp-json\/wp\/v2\/users\/1"}],"replies":[{"embeddable":true,"href":"https:\/\/redphoenix.news\/es\/wp-json\/wp\/v2\/comments?post=17778"}],"version-history":[{"count":0,"href":"https:\/\/redphoenix.news\/es\/wp-json\/wp\/v2\/posts\/17778\/revisions"}],"wp:featuredmedia":[{"embeddable":true,"href":"https:\/\/redphoenix.news\/es\/wp-json\/wp\/v2\/media\/38042"}],"wp:attachment":[{"href":"https:\/\/redphoenix.news\/es\/wp-json\/wp\/v2\/media?parent=17778"}],"wp:term":[{"taxonomy":"category","embeddable":true,"href":"https:\/\/redphoenix.news\/es\/wp-json\/wp\/v2\/categories?post=17778"},{"taxonomy":"post_tag","embeddable":true,"href":"https:\/\/redphoenix.news\/es\/wp-json\/wp\/v2\/tags?post=17778"}],"curies":[{"name":"wp","href":"https:\/\/api.w.org\/{rel}","templated":true}]}}