{"id":23125,"date":"2019-05-03T21:12:49","date_gmt":"2019-05-04T01:12:49","guid":{"rendered":"http:\/\/theredphoenixapl.org\/?p=23125"},"modified":"2019-05-03T21:12:49","modified_gmt":"2019-05-04T01:12:49","slug":"en-marcha-edicion-1853-del-2-al-8-de-mayo-de-2019","status":"publish","type":"post","link":"https:\/\/redphoenix.news\/es\/2019\/05\/en-marcha-edicion-1853-del-2-al-8-de-mayo-de-2019\/","title":{"rendered":"En Marcha edici\u00f3n 1853, del 2 al 8 de mayo de 2019"},"content":{"rendered":"<p><img data-recalc-dims=\"1\" decoding=\"async\" loading=\"lazy\" class=\"alignnone size-full wp-image-23127\" src=\"https:\/\/i0.wp.com\/redphoenixnews.com\/wp-content\/uploads\/2019\/05\/enmarcha.png?resize=2078%2C759&#038;ssl=1\" alt=\"enmarcha\" width=\"2078\" height=\"759\" \/><br \/>\nA continuaci\u00f3n se muestran la \u00faltima edicion de En Marcha, el \u00f3rgano central del Partido Comunista Marxista Leninista del Ecuador.<\/p>\n<p><a title=\"En Marcha 1853\" href=\"https:\/\/redphoenixnews.com\/wp-content\/uploads\/2019\/05\/en-marcha-1853.pdf\">En Marcha 1853<\/a><\/p>","protected":false},"excerpt":{"rendered":"<p>A continuaci\u00f3n se muestran la \u00faltima edicion de En Marcha, el \u00f3rgano central del Partido Comunista Marxista Leninista del Ecuador. En Marcha 1853<\/p>","protected":false},"author":1,"featured_media":23127,"comment_status":"closed","ping_status":"closed","sticky":false,"template":"","format":"standard","meta":{"nf_dc_page":"","_monsterinsights_skip_tracking":false,"_monsterinsights_sitenote_active":false,"_monsterinsights_sitenote_note":"","_monsterinsights_sitenote_category":0,"jetpack_post_was_ever_published":false,"_jetpack_newsletter_access":"","_jetpack_dont_email_post_to_subs":false,"_jetpack_newsletter_tier_id":0,"_jetpack_memberships_contains_paywalled_content":false,"_jetpack_memberships_contains_paid_content":false,"footnotes":""},"categories":[21],"tags":[193,353],"class_list":["post-23125","post","type-post","status-publish","format-standard","has-post-thumbnail","hentry","category-international","tag-ecuador","tag-espanol"],"jetpack_featured_media_url":"","jetpack_sharing_enabled":true,"_links":{"self":[{"href":"https:\/\/redphoenix.news\/es\/wp-json\/wp\/v2\/posts\/23125","targetHints":{"allow":["GET"]}}],"collection":[{"href":"https:\/\/redphoenix.news\/es\/wp-json\/wp\/v2\/posts"}],"about":[{"href":"https:\/\/redphoenix.news\/es\/wp-json\/wp\/v2\/types\/post"}],"author":[{"embeddable":true,"href":"https:\/\/redphoenix.news\/es\/wp-json\/wp\/v2\/users\/1"}],"replies":[{"embeddable":true,"href":"https:\/\/redphoenix.news\/es\/wp-json\/wp\/v2\/comments?post=23125"}],"version-history":[{"count":0,"href":"https:\/\/redphoenix.news\/es\/wp-json\/wp\/v2\/posts\/23125\/revisions"}],"wp:featuredmedia":[{"embeddable":true,"href":"https:\/\/redphoenix.news\/es\/wp-json\/"}],"wp:attachment":[{"href":"https:\/\/redphoenix.news\/es\/wp-json\/wp\/v2\/media?parent=23125"}],"wp:term":[{"taxonomy":"category","embeddable":true,"href":"https:\/\/redphoenix.news\/es\/wp-json\/wp\/v2\/categories?post=23125"},{"taxonomy":"post_tag","embeddable":true,"href":"https:\/\/redphoenix.news\/es\/wp-json\/wp\/v2\/tags?post=23125"}],"curies":[{"name":"wp","href":"https:\/\/api.w.org\/{rel}","templated":true}]}}