{"id":28522,"date":"2023-08-26T16:58:14","date_gmt":"2023-08-26T23:58:14","guid":{"rendered":"https:\/\/redphoenixnews.com\/?p=28522"},"modified":"2026-04-23T23:48:49","modified_gmt":"2026-04-24T04:48:49","slug":"tribute-to-tomas-martinez-pinacho-communist-journalist-slain-in-mexico","status":"publish","type":"post","link":"https:\/\/redphoenix.news\/es\/2023\/08\/tribute-to-tomas-martinez-pinacho-communist-journalist-slain-in-mexico\/","title":{"rendered":"Tribute to Tom\u00e1s Mart\u00ednez Pinacho, communist journalist slain in Mexico"},"content":{"rendered":"<figure class=\"wp-block-image size-large\"><a href=\"https:\/\/i0.wp.com\/redphoenixnews.com\/wp-content\/uploads\/2023\/08\/08-26-23_martinez-1.jpg?ssl=1\"><img data-recalc-dims=\"1\" decoding=\"async\" loading=\"lazy\" src=\"https:\/\/i0.wp.com\/redphoenixnews.com\/wp-content\/uploads\/2023\/08\/08-26-23_martinez-1.jpg?ssl=1\" alt=\"\" class=\"wp-image-28524\" \/><\/a><figcaption class=\"wp-element-caption\"><em><sup>Tom\u00e1s Mart\u00ednez Pinacho. <\/sup><\/em><\/figcaption><\/figure>\n\n\n\n<p><strong>By Red Nesbitt, Red Phoenix correspondent, Maryland.<\/strong><\/p>\n\n\n\n<p>On August 25, 2020, activist, journalist and organizer Tom\u00e1s Mart\u00ednez was assassinated at a restaurant in the town of Miahuatl\u00e1n de Porfirio Diaz, in the state of Oaxaca. Mart\u00ednez was a member of the Revolutionary Popular Front (FPR) of Mexico, a founding leader of the Union of Poor Farmers, and a member of the <a rel=\"noreferrer noopener\" href=\"http:\/\/pcmml.org\/\" target=\"_blank\">Communist Party of Mexico (Marxist-Leninist)<\/a>. That very day, Mart\u00ednez participated in a protest condemning the social-democratic government of Andr\u00e9s Manuel L\u00f3pez Obrador (AMLO) for its austerity in economic and food subsidies for the people, the lack of health clinics in working class neighborhoods &#8211;at that time in the full swing of the COVID-19 pandemic&#8211; and the lack of technical support for the peasantry to increase employment and the production of food. Mart\u00ednez was also critical of the assassination of fellow journalists and organizers. The state of Oaxaca immediately cautioned the FPR against violent action but, true to their social democratic cowardice, the state politicians &#8220;encouraged&#8221; the FPR to express their democratic liberties.\u00a0<\/p>\n\n\n\n<p>Let there be no mistake, comrade Mart\u00ednez was assassinated for his advocacy of the working masses of Mexico, his exposure of the systematic suppression of activists and journalists, and his agitation amongst peasants and proletarians in the very revolutionary summer of 2020. The American Party of Labor likewise remembers the dialogue shared with the PCM(ML). As we protested the murder of George Floyd and the countless other Black Americans slain or harassed by the police, our Mexican comrades were similarly involved in protesting the murders of Giovanni Lopez and Alexander Gomez, young people senselessly victimized by a militaristic and unaccountable police force, not too dissimilar from our own American violence. We shared their outrage and declared our solidarity and support in those times as they had done the same for us amid such harrowing days of organizing.\u00a0<\/p>\n\n\n\n<p>As the years pass, our parties grow, and our movements develop, we will never forget the comrades we have lost along the way, especially those who gave everything for the struggle. The APL echoes the calls of the PCM(ML) for Truth, Memory, and Justice. The names of all fallen comrades, supporters, and innocent human beings, will drive us forward to a new world without senseless and reactionary violence, with economic and political justice and a true democracy.\u00a0<\/p>\n\n\n\n<p>Never forget Tom\u00e1s Mart\u00ednez!<\/p>\n\n\n\n<p><strong><em>\u00a1Nunca mas! Say their names!\u00a0<\/em><\/strong><\/p>","protected":false},"excerpt":{"rendered":"<p>By Red Nesbitt, Red Phoenix correspondent, Maryland. On August 25, 2020, activist, journalist and organizer Tom\u00e1s Mart\u00ednez was assassinated at a restaurant in the town..<\/p>","protected":false},"author":7,"featured_media":40578,"comment_status":"closed","ping_status":"closed","sticky":false,"template":"","format":"standard","meta":{"nf_dc_page":"","_monsterinsights_skip_tracking":false,"_monsterinsights_sitenote_active":false,"_monsterinsights_sitenote_note":"","_monsterinsights_sitenote_category":0,"jetpack_post_was_ever_published":false,"_jetpack_newsletter_access":"","_jetpack_dont_email_post_to_subs":false,"_jetpack_newsletter_tier_id":0,"_jetpack_memberships_contains_paywalled_content":false,"_jetpack_memberships_contains_paid_content":false,"footnotes":""},"categories":[18,21],"tags":[224,246],"class_list":["post-28522","post","type-post","status-publish","format-standard","has-post-thumbnail","hentry","category-history","category-international","tag-american-party-of-labor","tag-mexico"],"jetpack_featured_media_url":"https:\/\/i0.wp.com\/redphoenix.news\/wp-content\/uploads\/2026\/04\/08-26-23_martinez-1.jpg?fit=1024%2C742&ssl=1","jetpack_sharing_enabled":true,"_links":{"self":[{"href":"https:\/\/redphoenix.news\/es\/wp-json\/wp\/v2\/posts\/28522","targetHints":{"allow":["GET"]}}],"collection":[{"href":"https:\/\/redphoenix.news\/es\/wp-json\/wp\/v2\/posts"}],"about":[{"href":"https:\/\/redphoenix.news\/es\/wp-json\/wp\/v2\/types\/post"}],"author":[{"embeddable":true,"href":"https:\/\/redphoenix.news\/es\/wp-json\/wp\/v2\/users\/7"}],"replies":[{"embeddable":true,"href":"https:\/\/redphoenix.news\/es\/wp-json\/wp\/v2\/comments?post=28522"}],"version-history":[{"count":1,"href":"https:\/\/redphoenix.news\/es\/wp-json\/wp\/v2\/posts\/28522\/revisions"}],"predecessor-version":[{"id":40579,"href":"https:\/\/redphoenix.news\/es\/wp-json\/wp\/v2\/posts\/28522\/revisions\/40579"}],"wp:featuredmedia":[{"embeddable":true,"href":"https:\/\/redphoenix.news\/es\/wp-json\/wp\/v2\/media\/40578"}],"wp:attachment":[{"href":"https:\/\/redphoenix.news\/es\/wp-json\/wp\/v2\/media?parent=28522"}],"wp:term":[{"taxonomy":"category","embeddable":true,"href":"https:\/\/redphoenix.news\/es\/wp-json\/wp\/v2\/categories?post=28522"},{"taxonomy":"post_tag","embeddable":true,"href":"https:\/\/redphoenix.news\/es\/wp-json\/wp\/v2\/tags?post=28522"}],"curies":[{"name":"wp","href":"https:\/\/api.w.org\/{rel}","templated":true}]}}