{"id":32417,"date":"2025-02-21T06:44:32","date_gmt":"2025-02-21T14:44:32","guid":{"rendered":"https:\/\/redphoenixnews.com\/?p=32417"},"modified":"2026-04-26T17:11:38","modified_gmt":"2026-04-26T22:11:38","slug":"black-history-month-and-the-black-radical-tradition","status":"publish","type":"post","link":"https:\/\/redphoenix.news\/es\/2025\/02\/black-history-month-and-the-black-radical-tradition\/","title":{"rendered":"Mes de la Historia Negra y la tradici\u00f3n radical negra"},"content":{"rendered":"<h6 class=\"wp-block-heading has-small-font-size\">Maurice B. | Corresponsal de Red Phoenix | Nueva York\u2013<\/h6>\n\n\n\n<p class=\"\">Las personas negras y las personas de color est\u00e1n siendo atacadas en la Am\u00e9rica de Trump. A trav\u00e9s de una serie de \u00d3rdenes Ejecutivas anti-DEI (Diversidad, Equidad e Inclusi\u00f3n)<a href=\"https:\/\/www.govinfo.gov\/content\/pkg\/FR-2025-01-31\/pdf\/2025-02097.pdf\">14173<\/a>, <a href=\"https:\/\/www.govinfo.gov\/content\/pkg\/FR-2025-01-29\/pdf\/2025-01953.pdf\">14151<\/a>, <a href=\"https:\/\/www.govinfo.gov\/content\/pkg\/FR-2025-01-28\/pdf\/2025-01901.pdf\">14148<\/a>) y <a href=\"https:\/\/apnews.com\/article\/plane-crash-faa-trump-dei-diversity-cc629bb66fb9afdad01c5ad735ca3cbb\">declaraciones<\/a> Junto con una batalla concentrada contra supuestas \u201cideolog\u00edas antiamericanas\u201d, la administraci\u00f3n de Trump est\u00e1 atacando duramente los programas y pol\u00edticas federales destinados a proteger a los pueblos hist\u00f3ricamente m\u00e1s vulnerables del pa\u00eds. Con una administraci\u00f3n que se mueve tan vertiginosamente r\u00e1pido que nosotros en el <em>F\u00e9nix Rojo<\/em> no estamos del todo seguros <a href=\"https:\/\/apnews.com\/article\/trump-black-history-month-ec046b1a8122b5af9d8b26516b6837c2\">si el Mes de la Historia Negra todav\u00eda est\u00e1 reconocido a nivel federal<\/a>, Por ello, consideramos esencial recordar a nuestros camaradas que la lucha hist\u00f3rica y continua por la liberaci\u00f3n negra y la igualdad racial es fundamental para la causa del socialismo y el comunismo, y que es deber de todo revolucionario reconocer y enaltecer las voces y el legado de los radicales negros a lo largo de la historia.&nbsp;<\/p>\n\n\n\n<p class=\"\">El pr\u00f3ximo a\u00f1o se cumplir\u00e1n 60 a\u00f1os de la fundaci\u00f3n del Partido Pantera Negra y 57 a\u00f1os de la fundaci\u00f3n del Partido de los J\u00f3venes Se\u00f1ores. Ante la amenaza del fascismo, debemos recordar que el socialismo, el comunismo y el llamado radicalismo son fundamentales para la experiencia afroamericana, especialmente en Estados Unidos. En cada lucha contra la injusticia a lo largo de la historia, la comunidad afroamericana estuvo presente, y los radicales afroamericanos lideraron la lucha por un mundo mejor, un mundo m\u00e1s igualitario y justo. <\/p>\n\n\n\n<figure class=\"wp-block-gallery has-nested-images columns-default is-cropped wp-block-gallery-1 is-layout-flex wp-block-gallery-is-layout-flex\">\n<figure class=\"wp-block-image size-large\"><a href=\"https:\/\/i0.wp.com\/theredphoenix.wordpress.com\/wp-content\/uploads\/2025\/02\/02-21-25_bhm_oliver-law.jpg?ssl=1\"><img data-recalc-dims=\"1\" decoding=\"async\" loading=\"lazy\" data-id=\"33620\" src=\"https:\/\/i0.wp.com\/theredphoenix.wordpress.com\/wp-content\/uploads\/2025\/02\/02-21-25_bhm_oliver-law.jpg?ssl=1\" alt=\"\" class=\"wp-image-33620\"\/><\/a><figcaption class=\"wp-element-caption\">Oliver Law (izquierda).<\/figcaption><\/figure>\n\n\n\n<figure class=\"wp-block-image size-large\"><a href=\"https:\/\/i0.wp.com\/theredphoenix.wordpress.com\/wp-content\/uploads\/2025\/02\/02-21-25_bhm_walter-cobbs.jpg?ssl=1\"><img data-recalc-dims=\"1\" decoding=\"async\" loading=\"lazy\" data-id=\"32421\" src=\"https:\/\/i0.wp.com\/theredphoenix.wordpress.com\/wp-content\/uploads\/2025\/02\/02-21-25_bhm_walter-cobbs.jpg?ssl=1\" alt=\"\" class=\"wp-image-32421\"\/><\/a><figcaption class=\"wp-element-caption\">Walter Cobbs.<\/figcaption><\/figure>\n\n\n\n<figure class=\"wp-block-image size-large\"><a href=\"https:\/\/i0.wp.com\/theredphoenix.wordpress.com\/wp-content\/uploads\/2025\/02\/02-21-25_bhm_thomas-page.jpg?ssl=1\"><img data-recalc-dims=\"1\" decoding=\"async\" loading=\"lazy\" data-id=\"32423\" src=\"https:\/\/i0.wp.com\/theredphoenix.wordpress.com\/wp-content\/uploads\/2025\/02\/02-21-25_bhm_thomas-page.jpg?ssl=1\" alt=\"\" class=\"wp-image-32423\"\/><\/a><figcaption class=\"wp-element-caption\">Thomas Page.<\/figcaption><\/figure>\n<\/figure>\n\n\n\n<p class=\"\">Oliver Law fue el primer hombre negro en liderar una fuerza militar racialmente integrada en la historia de Estados Unidos, y lo hizo como comunista junto a sus compa\u00f1eros de la Brigada Abraham Lincoln en la lucha contra el fascismo. Walter Cobbs tambi\u00e9n fue miembro de la Brigada Lincoln. Thomas Page tambi\u00e9n. Ya sea en las calles de Oakland, en los valles de Jarama o en las playas de Normand\u00eda, hemos luchado en primera l\u00ednea como parte de nuestra herencia radical.<\/p>\n\n\n\n<p class=\"\">Debemos seguir portando y transmitiendo la antorcha de la revoluci\u00f3n, la liberaci\u00f3n y la igualdad que encendieron nuestros antepasados esclavizados y que, a trav\u00e9s del Movimiento por los Derechos Civiles y el Movimiento Comunista Internacional, ha perdurado hasta nuestros d\u00edas. Y, al dedicar este mes y todos los meses de nuestras vidas a recordar las experiencias de quienes nos precedieron, debemos comprender que casi todos nuestros antepasados m\u00e1s queridos en la lucha fueron socialistas, comunistas o, al menos, simpatizantes de los ideales de las ideolog\u00edas socialistas.<\/p>\n\n\n\n<figure class=\"wp-block-gallery has-nested-images columns-default is-cropped wp-block-gallery-2 is-layout-flex wp-block-gallery-is-layout-flex\">\n<figure class=\"wp-block-image size-large\"><a href=\"https:\/\/i0.wp.com\/theredphoenix.wordpress.com\/wp-content\/uploads\/2025\/02\/02-21-25_bhm_malcolm-x.jpg?ssl=1\"><img data-recalc-dims=\"1\" decoding=\"async\" loading=\"lazy\" data-id=\"32425\" src=\"https:\/\/i0.wp.com\/theredphoenix.wordpress.com\/wp-content\/uploads\/2025\/02\/02-21-25_bhm_malcolm-x.jpg?ssl=1\" alt=\"\" class=\"wp-image-32425\"\/><\/a><figcaption class=\"wp-element-caption\">Malcolm X.<\/figcaption><\/figure>\n\n\n\n<figure class=\"wp-block-image size-large\"><a href=\"https:\/\/i0.wp.com\/theredphoenix.wordpress.com\/wp-content\/uploads\/2025\/02\/02-21-25_bhm_web-dubois.jpg?ssl=1\"><img data-recalc-dims=\"1\" decoding=\"async\" loading=\"lazy\" data-id=\"32430\" src=\"https:\/\/i0.wp.com\/theredphoenix.wordpress.com\/wp-content\/uploads\/2025\/02\/02-21-25_bhm_web-dubois.jpg?ssl=1\" alt=\"\" class=\"wp-image-32430\"\/><\/a><figcaption class=\"wp-element-caption\">WEB DuBois.<\/figcaption><\/figure>\n\n\n\n<figure class=\"wp-block-image size-large\"><a href=\"https:\/\/i0.wp.com\/theredphoenix.wordpress.com\/wp-content\/uploads\/2025\/02\/02-21-25_bhm_paul-robeson.jpg?ssl=1\"><img data-recalc-dims=\"1\" decoding=\"async\" loading=\"lazy\" data-id=\"32427\" src=\"https:\/\/i0.wp.com\/theredphoenix.wordpress.com\/wp-content\/uploads\/2025\/02\/02-21-25_bhm_paul-robeson.jpg?ssl=1\" alt=\"\" class=\"wp-image-32427\"\/><\/a><figcaption class=\"wp-element-caption\">Pablo Robeson.<\/figcaption><\/figure>\n<\/figure>\n\n\n\n<p class=\"\">Cuando se le pregunt\u00f3 durante una entrevista en 1964 qu\u00e9 sistema econ\u00f3mico y pol\u00edtico prefer\u00eda, Malcolm X respondi\u00f3: \u201cTodos los pa\u00edses que hoy emergen de las cadenas del colonialismo se est\u00e1n inclinando hacia el socialismo\u201d. W.E.B. Du Bois dijo tras la muerte de Stalin: \u201cJos\u00e9 Stalin fue un gran hombre; pocos hombres del siglo XX se acercan a su estatura\u2026 Como una de las minor\u00edas despreciadas de la humanidad, fue el primero en encaminar a Rusia hacia la superaci\u00f3n del prejuicio racial y en la creaci\u00f3n de una sola naci\u00f3n a partir de sus 140 grupos, sin destruir su individualidad\u201d. Paul Robeson elogi\u00f3 el sistema sovi\u00e9tico y al camarada Stalin en varias ocasiones. Nuestras visiones de un planeta libre de prejuicios raciales, segregaci\u00f3n, xenofobia, racismo contra las personas negras y supremac\u00eda blanca coinciden plenamente con las del comunismo: con nuestra victoria veremos un mundo donde las personas negras sean vistas, siempre ante todo, como seres humanos.<\/p>\n\n\n\n<p class=\"\">Una \u00faltima nota sobre el sistema sovi\u00e9tico bajo Stalin, aqu\u00ed est\u00e1 la <a href=\"https:\/\/www.marxists.org\/reference\/archive\/stalin\/works\/1936\/12\/05.htm\">La pol\u00edtica de la URSS sobre el racismo.<\/a> Seg\u00fan la Constituci\u00f3n:&nbsp;<\/p>\n\n\n\n<p class=\"\"><strong>ART\u00cdCULO 123.<\/strong> La igualdad de derechos de los ciudadanos de la URSS, independientemente de su nacionalidad o raza, en todos los \u00e1mbitos de la vida econ\u00f3mica, estatal, cultural, social y pol\u00edtica, es una ley inalienable. Toda restricci\u00f3n, directa o indirecta, de los derechos de los ciudadanos, o, por el contrario, todo establecimiento de privilegios, directos o indirectos, para ellos por raz\u00f3n de su raza o nacionalidad, as\u00ed como toda incitaci\u00f3n a la exclusi\u00f3n racial o nacional, al odio o al desprecio, est\u00e1 penada por la ley.&nbsp;<\/p>\n\n\n\n<figure class=\"wp-block-image size-large\"><a href=\"https:\/\/i0.wp.com\/theredphoenix.wordpress.com\/wp-content\/uploads\/2025\/02\/02-21-25_bhm_robeson-ussr.jpg?ssl=1\"><img data-recalc-dims=\"1\" decoding=\"async\" loading=\"lazy\" src=\"https:\/\/i0.wp.com\/theredphoenix.wordpress.com\/wp-content\/uploads\/2025\/02\/02-21-25_bhm_robeson-ussr.jpg?ssl=1\" alt=\"\" class=\"wp-image-32431\"\/><\/a><figcaption class=\"wp-element-caption\"><em>Robeson asisti\u00f3 a una fiesta en la Embajada rusa en Washington D.C. en 1950. (Bettmann \/ Getty Images)<\/em><\/figcaption><\/figure>\n\n\n\n<p class=\"\">Mientras tanto, Estados Unidos ni siquiera aboli\u00f3 completamente la esclavitud, como lo establece la 13\u00aa Enmienda: \u201cNi la esclavitud ni la servidumbre involuntaria, <strong>excepto como castigo por un delito <\/strong>donde de la parte haya sido debidamente condenada, <em>existir\u00e1 dentro<\/em> Estados Unidos\u201d. La industria penitenciaria privada de nuestro pa\u00eds es, por lo tanto, una industria de trabajo esclavo. La lucha contin\u00faa.<\/p>\n\n\n\n<p class=\"\">A pesar de los intentos de la clase dominante capitalista por blanquear nuestra historia, no podemos ignorar que nuestros objetivos de autodeterminaci\u00f3n para los afroamericanos y los afrodescendientes de todo el mundo siempre han estado intr\u00ednsecamente ligados al \u00e9xito final del comunismo a nivel internacional. Bajo el sistema capitalista de explotaci\u00f3n, racismo y divisiones de clase, jam\u00e1s podremos aspirar a una verdadera igualdad racial o \u00e9tnica entre los distintos pueblos, pues a los capitalistas e imperialistas les conviene dividirnos mediante diferencias artificiales de color, nacionalidad o etnia. Independientemente de nuestra ascendencia, todos somos explotados por el capital como miembros de la clase trabajadora y cada uno de nosotros representa al proletariado internacional, destinado a transformar el mundo en uno donde nadie tenga que preguntarse cu\u00e1ndo comer\u00e1 su pr\u00f3xima comida, d\u00f3nde dormir\u00e1 por la noche, si podr\u00e1 costearse la atenci\u00f3n m\u00e9dica o si ser\u00e1 v\u00edctima de un crimen de odio o de violencia racial sist\u00e9mica.<\/p>\n\n\n\n<p class=\"\">La sabidur\u00eda del camarada Fred Hampton resuena con m\u00e1s fuerza que nunca en estos tiempos traicioneros:<\/p>\n\n\n\n<figure class=\"wp-block-pullquote has-small-font-size\"><blockquote><p>Tenemos que aceptar que algunos dicen que la mejor manera de combatir el fuego es con fuego, pero nosotros decimos que la mejor manera de apagarlo es con agua. Decimos que no se combate el racismo con racismo; vamos a combatirlo con solidaridad. Decimos que no se combate el capitalismo con un capitalismo que no sea negro; se combate el capitalismo con socialismo.<\/p><cite>\u201cPoder en cualquier lugar donde haya gente\u201d, 1969.<\/cite><\/blockquote><\/figure>\n\n\n\n<figure class=\"wp-block-image size-large\"><a href=\"https:\/\/i0.wp.com\/theredphoenix.wordpress.com\/wp-content\/uploads\/2025\/02\/02-21-25_bhm_fred-hampton.jpg?ssl=1\"><img data-recalc-dims=\"1\" decoding=\"async\" loading=\"lazy\" src=\"https:\/\/i0.wp.com\/theredphoenix.wordpress.com\/wp-content\/uploads\/2025\/02\/02-21-25_bhm_fred-hampton.jpg?ssl=1\" alt=\"\" class=\"wp-image-32433\"\/><\/a><figcaption class=\"wp-element-caption\"><em>Fred Hampton interviene en una manifestaci\u00f3n en Chicago.<\/em><\/figcaption><\/figure>\n\n\n\n<p class=\"\">La tradici\u00f3n radical negra nos invita a reflexionar sobre nuestra historia de lucha por la libertad y el antiimperialismo. Miremos a nuestros Am\u00edlcar Cabral, a nuestras Claudia Jones y a nuestros Fred Hampton, y decidamos si queremos condenar a nuestros hijos a los horrores del pasado o rendir homenaje al legado de nuestros camaradas y ancestros ca\u00eddos para forjar un nuevo d\u00eda de igualdad, prosperidad y socialismo. \u00a1Feliz Mes de la Historia Negra, camaradas! En Estados Unidos, cada mes es el Mes de la Historia Negra porque los afroamericanos contribuyeron a la creaci\u00f3n de esta naci\u00f3n y cada d\u00eda trabajan para acercarla a una tierra de verdadera libertad y democracia.&nbsp;<\/p>","protected":false},"excerpt":{"rendered":"<p>Maurice B. | Red Phoenix correspondent | New York&#8211; Black folks and people of color are under attack in Trump\u2019s America. Through a number of..<\/p>","protected":false},"author":7,"featured_media":40290,"comment_status":"closed","ping_status":"closed","sticky":false,"template":"","format":"standard","meta":{"nf_dc_page":"","_monsterinsights_skip_tracking":false,"_monsterinsights_sitenote_active":false,"_monsterinsights_sitenote_note":"","_monsterinsights_sitenote_category":0,"jetpack_post_was_ever_published":false,"_jetpack_newsletter_access":"","_jetpack_dont_email_post_to_subs":false,"_jetpack_newsletter_tier_id":0,"_jetpack_memberships_contains_paywalled_content":false,"_jetpack_memberships_contains_paid_content":false,"footnotes":""},"categories":[18,97],"tags":[357,348,359,350],"class_list":["post-32417","post","type-post","status-publish","format-standard","has-post-thumbnail","hentry","category-history","category-us-news","tag-racism","tag-revolutionary-history","tag-toppost","tag-united-states-history"],"jetpack_featured_media_url":"https:\/\/i0.wp.com\/redphoenix.news\/wp-content\/uploads\/2026\/04\/02-21-25_bhm_oliver-law.jpg?fit=249%2C256&ssl=1","jetpack_sharing_enabled":true,"_links":{"self":[{"href":"https:\/\/redphoenix.news\/es\/wp-json\/wp\/v2\/posts\/32417","targetHints":{"allow":["GET"]}}],"collection":[{"href":"https:\/\/redphoenix.news\/es\/wp-json\/wp\/v2\/posts"}],"about":[{"href":"https:\/\/redphoenix.news\/es\/wp-json\/wp\/v2\/types\/post"}],"author":[{"embeddable":true,"href":"https:\/\/redphoenix.news\/es\/wp-json\/wp\/v2\/users\/7"}],"replies":[{"embeddable":true,"href":"https:\/\/redphoenix.news\/es\/wp-json\/wp\/v2\/comments?post=32417"}],"version-history":[{"count":2,"href":"https:\/\/redphoenix.news\/es\/wp-json\/wp\/v2\/posts\/32417\/revisions"}],"predecessor-version":[{"id":41258,"href":"https:\/\/redphoenix.news\/es\/wp-json\/wp\/v2\/posts\/32417\/revisions\/41258"}],"wp:featuredmedia":[{"embeddable":true,"href":"https:\/\/redphoenix.news\/es\/wp-json\/wp\/v2\/media\/40290"}],"wp:attachment":[{"href":"https:\/\/redphoenix.news\/es\/wp-json\/wp\/v2\/media?parent=32417"}],"wp:term":[{"taxonomy":"category","embeddable":true,"href":"https:\/\/redphoenix.news\/es\/wp-json\/wp\/v2\/categories?post=32417"},{"taxonomy":"post_tag","embeddable":true,"href":"https:\/\/redphoenix.news\/es\/wp-json\/wp\/v2\/tags?post=32417"}],"curies":[{"name":"wp","href":"https:\/\/api.w.org\/{rel}","templated":true}]}}