{"id":32554,"date":"2025-03-18T13:59:36","date_gmt":"2025-03-18T20:59:36","guid":{"rendered":"https:\/\/redphoenixnews.com\/?p=32554"},"modified":"2026-04-23T23:39:27","modified_gmt":"2026-04-24T04:39:27","slug":"paralelismos-de-la-tirania-maga-y-nazismo","status":"publish","type":"post","link":"https:\/\/redphoenix.news\/es\/2025\/03\/paralelismos-de-la-tirania-maga-y-nazismo\/","title":{"rendered":"Paralelismos de la tiran\u00eda: MAGA y Nazismo"},"content":{"rendered":"<p class=\"has-small-font-size\"><strong>Maurice B. | New York&#8211;<\/strong><\/p>\n\n\n\n<blockquote class=\"wp-block-quote is-layout-flow wp-block-quote-is-layout-flow\">\n<p><strong><em>Primero vinieron por los comunistas<\/em><\/strong><br><em>Y guard\u00e9 silencio<\/em><br><em>Porque no era comunista.<\/em><\/p>\n\n\n\n<p><strong><em>Luego vinieron por los sindicalistas<\/em><\/strong><br><em>Y no habl\u00e9<\/em><br><em>Porque no era sindicalista<\/em><\/p>\n\n\n\n<p><strong><em>Luego vinieron por los judios<\/em><\/strong><br><em>Y no dije nada<\/em><br><em>Porque no era judio<\/em><\/p>\n\n\n\n<p><strong><em>Luego vinieron por mi<\/em><\/strong><br><em>Y para entonces<\/em><br><strong><em>Ya no quedaba nadie que hablara en mi nombre<\/em><\/strong><\/p>\n<cite><em>Martin Niem\u00f6ller<\/em><\/cite><\/blockquote>\n\n\n\n<p>Apenas un mes de la segunda administraci\u00f3n Trump y estas palabras infamantes se convierten en un duro recordatorio de las consecuencias de la inactividad, la indiferencia o incluso la ingenuidad.&nbsp; Nos gustar\u00eda creer que lo que estamos presenciando frente a nosotros no est\u00e1 sucediendo, que posiblemente habr\u00e1 un vestigio del orden burgu\u00e9s liberal que hablar\u00e1 por nosotros en estos tiempos nefastos. Nuestro justificado miedo y angustia por el futuro que tenemos ante nosotros no es cosa de risa, y no es motivo para volverse hacia tu vecino, tu compa\u00f1ero de trabajo o tu camarada y echarles la culpa. No podemos enga\u00f1arnos creyendo que la victoria de MAGA, Trump, Elon Musk y sus lacayos apareci\u00f3 de la nada \u2013 el ascenso al poder de estos capitalistas monopolistas y multimillonarios de tecnolog\u00eda es un resultado directo del desarrollo capitalista. Ha quedado m\u00e1s claro que nunca que su ideolog\u00eda fascista, <a href=\"https:\/\/www.latimes.com\/opinion\/story\/2024-10-10\/genes-donald-trump-hugh-hewitt-adolph-hitler-eugenics\">eugenista<\/a>, xenofobo, transf\u00f3bico, y anti-obrero tiene una base de apoyo apasionada y leal entre la peque\u00f1a burgues\u00eda y la gran burgues\u00eda que est\u00e1 dispuesto a sembrar la insurrecci\u00f3n, la desinformaci\u00f3n y el odio sin l\u00edmites contra sus enemigos -ya sean reales o percibidos-, a menudo a pesar de la verdad (ya que se opone a ella con frecuencia). Tras su ominosa declaraci\u00f3n en diciembre de 2023 de que ser\u00eda un dictador el primer d\u00eda de su reelecci\u00f3n, Trump ha utilizado todos poder presidencial para atacar los inmigrantes, los personas transgenero, \u201cradicales\u201d y todos beneficiarios a las pol\u00edticas de \u201cDEI\u201d (diversidad, equidad, e inclusi\u00f3n), incluyendo los mujeres, las personas de color, las personas LGBTQIA+, los discapacitados, las personas mayores, y minor\u00edas religiosas. En esta nueva era de Trump, la guerra contra los clases obreros y oprimidas es abierta y aparente.<\/p>\n\n\n\n<figure class=\"wp-block-image size-large\"><a href=\"https:\/\/i0.wp.com\/theredphoenix.wordpress.com\/wp-content\/uploads\/2025\/03\/03-03-25_bannon.webp?ssl=1\"><img data-recalc-dims=\"1\" decoding=\"async\" loading=\"lazy\" src=\"https:\/\/i0.wp.com\/theredphoenix.wordpress.com\/wp-content\/uploads\/2025\/03\/03-03-25_bannon.webp?ssl=1\" alt=\"\" class=\"wp-image-32473\" \/><\/a><figcaption class=\"wp-element-caption\"><em><sup>Steve Bannon, ex estratega jefe de la Casa Blanca bajo el mandato de Trump y ex ejecutivo de Breitbart News, en la Conferencia de Acci\u00f3n Pol\u00edtica Conservadora en Maryland, febrero de 2025. (Foto: CPAC)<\/sup><\/em><\/figcaption><\/figure>\n\n\n\n<p>Manipulando la desesperaci\u00f3n de las masas del pueblo estadounidense, la administraci\u00f3n Trump ha renunciado a las lagunas legales y ha torcido la legalidad por completo para forjar eficazmente su \u00abAm\u00e9rica renacida\u00bb, apuntando a los miembros m\u00e1s vulnerables de nuestra poblaci\u00f3n y a cualquiera que quede de su pol\u00edtica reaccionaria de fanatismo y nacionalismo. En la Alemania de los a\u00f1os 30, los Nazis cazaban a periodistas y diputados del Reichstag <em>junto con <\/em>los comunistas. Hoy, Trump est\u00e1 <a href=\"https:\/\/apnews.com\/article\/justice-department-special-counsel-trump-046ce32dbad712e72e500c32ecc20f2f\">despidiendo a sus enemigos en el Departamento de Justicia<\/a> y <a href=\"https:\/\/apnews.com\/article\/trump-dei-executive-order-diversity-inclusion-f67ea86032986084dd71c5aa0c6b8d1d\">terminando los programas de la DEI<\/a>. Ma\u00f1ana, puede <a href=\"https:\/\/apnews.com\/article\/rubio-trump-deportations-usaid-f7a62a10b9a5d81582d05a33ff2281a4\">los encarcelando en El Salvador<\/a> o haciendo uso de la Orden Ejecutiva 14164 (restablecimiento de <a href=\"https:\/\/www.govinfo.gov\/content\/pkg\/FR-2025-01-30\/pdf\/2025-02012.pdf\">la pena de muerte<\/a>) para asesinar directamente a su oposici\u00f3n pol\u00edtica legalmente.<\/p>\n\n\n\n<p>Todos somos conscientes de que las comparaciones con el Nazismo, Hitler o el Fascismo Alem\u00e1n abundan en nuestro mundo posterior a la Segunda Guerra Mundial, pero no podemos ignorar felizmente las similitudes entre el pasado y el presente. Durante el ascenso de la Alemania Hitleriana, la percepci\u00f3n p\u00fablica de los nazis era en gran medida que eran absurdos y demasiado obsesivos, incluso como una secta. Todos podemos recordar all\u00e1 por 2015, cuando Trump anunci\u00f3 su intenci\u00f3n de presentarse a la presidencia y mucha gente se lo tom\u00f3 a risa. Durante su primer mandato, fue el centro de innumerables sketches de Saturday Night Live y mon\u00f3logos de John Oliver, pero este mandato ya ha demostrado ser diferente. Como con el Partido Nazi y la Alemania hiterlita, el movimiento MAGA no parece tan absurdo ahora. No deber\u00eda llevarnos ver un tiroteo p\u00fablico por motivos pol\u00edticos por parte de los Proud Boys o informes de tortura y muerte en Guant\u00e1namo o violencia renovada en Palestina para empezar a entender que estamos tratando con el capitalismo podrido en descomposici\u00f3n, luchando contra la marea de la historia. No podemos olvidar las palabras del compa\u00f1ero Dimitrov: \u00abEl fascismo es el poder del propio capital financiero. Es la organizaci\u00f3n de la venganza terrorista contra la clase obrera&#8230; En pol\u00edtica exterior, el fascismo es el patrioterismo en su forma m\u00e1s brutal, fomentando el odio bestial contra otras naciones.\u00bb<\/p>\n\n\n\n<p>Trump ha<a href=\"https:\/\/apnews.com\/article\/trump-tariffs-trade-china-mexico-canada-inflation-753a09d56cd318f2eb1d2efe3c43b7d4\"> iniciado una guerra comercial<\/a>, <a href=\"https:\/\/apnews.com\/article\/trump-un-human-rights-palestinian-refugees-israel-05e1d57bbb41df38771d1ab69adb21a3\">abandon\u00f3 el Consejo de Derechos Humanos de las Naciones Unidas<\/a>, y prometi\u00f3 <a href=\"https:\/\/apnews.com\/article\/israel-hamas-war-gaza-trump-netanyahu-db2c407baf803291a4acf6edfd708c48\">tomar posesi\u00f3n de Gaza<\/a> para \u00abnivelar el sitio, y deshacerse de los edificios destruidos, nivelarlo, crear un desarrollo econ\u00f3mico que proporcionar\u00e1 un n\u00famero ilimitado de puestos de trabajo\u00bb, mientras se arrima <a href=\"https:\/\/apnews.com\/article\/icc-israel-hamas-warrants-netanyahu-palestinian-arrest-73c854d072e0a1a41b19b2cb2cdd07fa\">al criminal de guerra<\/a> Netanyahu abiertamente y sin disculpas. Otras amenazas genocidas y expansionistas incluyen <a href=\"https:\/\/apnews.com\/article\/panama-canal-trump-us-invasion-19d1a3723ac0c407f49e8b35aebc14f1\">la fuerza militar contra Panam\u00e1<\/a> por la propiedad del Canal de Panam\u00e1, el deseo de hacer de Canad\u00e1 \u00ab<a href=\"https:\/\/apnews.com\/article\/canada-trump-us-state-131dcff58a8f56116765f160d9f35460\">el 51\u00ba Estado<\/a>\u00bb y <a href=\"https:\/\/apnews.com\/article\/greenland-trump-climate-change-minerals-trade-bab5bb60ba52f6073f056fb271c43215\">el saqueo material de Groenlandia<\/a>. Hitler pidi\u00f3 el Lebenstraum y el Generalplan Ost mientras tramaba el control alem\u00e1n de Europa y luego del mundo. No debemos permitirnos sentarnos a observar mientras el delincuente convicto Donald Trump aviva las tan familiares llamas de la guerra, la depresi\u00f3n y la limpieza \u00e9tnica. Es nuestro deber como comunistas, como revolucionarios y como trabajadores levantarnos y organizarnos para combatir al enemigo dentro de nuestras paredes.<\/p>\n\n\n\n<p>Lucha contra la vil marea de la reacci\u00f3n y el fascismo. No dejes que los ideales reaccionarios de la negaci\u00f3n de la ciencia, la teor\u00eda del reemplazo y el programa general del <a href=\"https:\/\/www.project2025.org\/\">Proyecto 2025<\/a> te distraigan. Tu compa\u00f1ero de trabajo no es tu enemigo. Elon Musk es tu enemigo; Robert F. Kennedy es tu enemigo; Marco Rubio es tu enemigo; Donald Trump es tu enemigo.<\/p>\n\n\n\n<p>Desde 2015 hasta hoy, MAGA ha amasado una legi\u00f3n detr\u00e1s del culto a la personalidad de Donald Trump, y tras su derrota electoral en 2020, ha utilizado las redes sociales y la comunidad de creadores de contenido para organizar a sus seguidores para la victoria que hemos presenciado en las elecciones presidenciales estadounidenses de 2024. En los \u00faltimos 4 a\u00f1os, el movimiento MAGA pas\u00f3 de ser un movimiento pol\u00edtico avergonzado y aparentemente derrotado a una burocracia envalentonada y revigorizada de capitalistas, fascistas y reaccionarios decididos a utilizar el segundo mandato de Trump para desmantelar las redes de seguridad social de las que dependen millones de estadounidenses para sobrevivir &#8211; SNAP, FAFSA, Medicare y Medicaid &#8211; mientras se llenan sus propios bolsillos y los de sus empresas con millonarios recortes de <a href=\"https:\/\/apnews.com\/article\/house-republicans-budget-blueprint-trump-tax-cuts-ff2bddf31f4e7cb0928139072392a091\">impuestos <\/a>y <a href=\"https:\/\/apnews.com\/article\/elon-musk-tesla-biden-federal-contract-electric-vehicles-donald-trump-f8f5b07d03f6e0c9d072abd69feedec4\">acuerdos federales<\/a>.<\/p>\n\n\n\n<p>Con la compra de Twitter por parte de Elon, transform\u00f3 la plataforma de medios sociales en una c\u00e1mara de eco para contenidos reaccionarios, mis\u00f3ginos y xen\u00f3fobos, en la que cualquiera pod\u00eda comprar la \u00abverificaci\u00f3n\u00bb de la cuenta, y los que se opon\u00edan a estos cambios eran vetados por el algoritmo o <a href=\"https:\/\/theintercept.com\/2022\/11\/29\/elon-musk-twitter-andy-ngo-antifascist\/\">directamente expulsados del sitio web<\/a> (incluidos<a href=\"https:\/\/www.cnn.com\/2022\/12\/15\/media\/twitter-musk-journalists-hnk-intl\/index.html\"> los periodistas a menudo cr\u00edticos con Musk<\/a>). Tras la insurrecci\u00f3n del 6 de enero, X, TruthSocial y otros bastiones en l\u00ednea de contenido de derechas se convirtieron en foros para que insurrectos, simpatizantes y aquellos previamente indecisos vieran reconocidos y respaldados sus puntos de vista. La compra de la plataforma por parte de Musk y los subsiguientes cambios y ret\u00f3rica cargados de ideolog\u00eda como CTO (antiguo CEO) de la plataforma provocaron <a href=\"https:\/\/www.technologyreview.com\/2022\/11\/03\/1062752\/twitter-may-have-lost-more-than-a-million-users-since-elon-musk-took-over\/\">un \u00e9xodo masivo de usuarios<\/a> al quedar demasiado claro que Musk y sus partidarios estaban proporcionando un \u00abespacio seguro\u00bb para que fascistas, supremacistas blancos y todo tipo de reaccionarios peligrosos vomitaran odio y desinformaci\u00f3n sin ninguna resistencia verdadera.<\/p>\n\n\n\n<p>Las protestas populares #50501 (\u00ab50 protestas, 50 estados, 1 movimiento\u00bb), que comenzaron el 5 de febrero, fueron una avalancha de acci\u00f3n pol\u00edtica espont\u00e1nea de los liberales y de la izquierda en general, lo que es habitual en nuestros desorganizados movimientos obreros y comunistas. Carec\u00eda de organizaci\u00f3n y de reivindicaciones pol\u00edticas concretas, pero lo m\u00e1s importante es que demostr\u00f3 que la clase obrera no desaparecer\u00e1 silenciosamente en la noche. Las masas que se movilizaban desde Rhode Island hasta Nevada se reunieron frente a los ayuntamientos y sus respectivos capitolios para hacer o\u00edr sus demandas. La clase obrera record\u00f3 a la burgues\u00eda que el mundo es nuestro y que lo heredar\u00e1n nuestros hijos y sus descendientes. Que no es el juguete de multimillonarios, \u00e9lites de la industria tecnol\u00f3gica y reaccionarios. No permitiremos que el ma\u00f1ana sea el pr\u00f3ximo nazismo, sino la reencarnaci\u00f3n del verdadero bolchevismo para la liberaci\u00f3n de las masas. El futuro lo creamos nosotros.<\/p>\n\n\n\n<p>Ante todos estos cambios en el clima pol\u00edtico y en el gobierno federal, nuestro instinto como clase, como revolucionarios y como marxistas-leninistas, es salir a la calle entre nuestros hermanos y hermanas de clase, empu\u00f1ar las armas y enfrentarnos a nuestros enemigos con la cabeza alta y sacando pecho, dispuestos a vencer a las fuerzas de la reacci\u00f3n. Y eso est\u00e1 muy bien, es un trabajo esencial. Pero no puede ser lo \u00fanico que hagamos. No puede convertirse en algo c\u00edclico o habitual movilizarse pero nunca organizarse. El mayor detrimento de nuestro potencial como clase, como obreros y trabajadores de Estados Unidos y del mundo, es nuestra incapacidad para organizarnos como un pu\u00f1o contra las fuerzas del capital, de la reacci\u00f3n, del fascismo. Necesitamos desesperadamente organizarnos para ganar y salvar las concesiones que nos brinda la democracia neoliberal burguesa. Necesitamos un partido de la clase obrera, una vanguardia que dirija nuestro trabajo pol\u00edtico de cara al futuro, para que estos pr\u00f3ximos cuatro a\u00f1os no se conviertan en el precedente de la Tercera Guerra Mundial, sino en el precipicio de la revoluci\u00f3n proletaria. Para que a lo largo de estos pr\u00f3ximos cuatro a\u00f1os, podamos amasar <em>nuestras <\/em>fuerzas en un movimiento que no s\u00f3lo supere al de MAGA y los trumpistas, sino que averg\u00fcence sus mayores \u00ablogros\u00bb y condene su memoria al basurero de la historia.<\/p>","protected":false},"excerpt":{"rendered":"<p>Maurice B. | New York&#8211; Primero vinieron por los comunistasY guard\u00e9 silencioPorque no era comunista. Luego vinieron por los sindicalistasY no habl\u00e9Porque no era sindicalista..<\/p>","protected":false},"author":7,"featured_media":40281,"comment_status":"closed","ping_status":"closed","sticky":false,"template":"","format":"standard","meta":{"nf_dc_page":"","_monsterinsights_skip_tracking":false,"_monsterinsights_sitenote_active":false,"_monsterinsights_sitenote_note":"","_monsterinsights_sitenote_category":0,"jetpack_post_was_ever_published":false,"_jetpack_newsletter_access":"","_jetpack_dont_email_post_to_subs":false,"_jetpack_newsletter_tier_id":0,"_jetpack_memberships_contains_paywalled_content":false,"_jetpack_memberships_contains_paid_content":false,"footnotes":""},"categories":[97],"tags":[353],"class_list":["post-32554","post","type-post","status-publish","format-standard","has-post-thumbnail","hentry","category-us-news","tag-espanol"],"jetpack_featured_media_url":"https:\/\/i0.wp.com\/redphoenix.news\/wp-content\/uploads\/2026\/04\/03-03-25_bannon.webp?fit=700%2C392&ssl=1","jetpack_sharing_enabled":true,"_links":{"self":[{"href":"https:\/\/redphoenix.news\/es\/wp-json\/wp\/v2\/posts\/32554","targetHints":{"allow":["GET"]}}],"collection":[{"href":"https:\/\/redphoenix.news\/es\/wp-json\/wp\/v2\/posts"}],"about":[{"href":"https:\/\/redphoenix.news\/es\/wp-json\/wp\/v2\/types\/post"}],"author":[{"embeddable":true,"href":"https:\/\/redphoenix.news\/es\/wp-json\/wp\/v2\/users\/7"}],"replies":[{"embeddable":true,"href":"https:\/\/redphoenix.news\/es\/wp-json\/wp\/v2\/comments?post=32554"}],"version-history":[{"count":1,"href":"https:\/\/redphoenix.news\/es\/wp-json\/wp\/v2\/posts\/32554\/revisions"}],"predecessor-version":[{"id":40282,"href":"https:\/\/redphoenix.news\/es\/wp-json\/wp\/v2\/posts\/32554\/revisions\/40282"}],"wp:featuredmedia":[{"embeddable":true,"href":"https:\/\/redphoenix.news\/es\/wp-json\/wp\/v2\/media\/40281"}],"wp:attachment":[{"href":"https:\/\/redphoenix.news\/es\/wp-json\/wp\/v2\/media?parent=32554"}],"wp:term":[{"taxonomy":"category","embeddable":true,"href":"https:\/\/redphoenix.news\/es\/wp-json\/wp\/v2\/categories?post=32554"},{"taxonomy":"post_tag","embeddable":true,"href":"https:\/\/redphoenix.news\/es\/wp-json\/wp\/v2\/tags?post=32554"}],"curies":[{"name":"wp","href":"https:\/\/api.w.org\/{rel}","templated":true}]}}