{"id":33340,"date":"2025-06-11T08:29:46","date_gmt":"2025-06-11T15:29:46","guid":{"rendered":"https:\/\/redphoenixnews.com\/?p=33340"},"modified":"2026-04-23T23:37:36","modified_gmt":"2026-04-24T04:37:36","slug":"la-guardia-nacional-invade-los-angeles-no-a-la-guerra-fascista-contra-el-pueblo","status":"publish","type":"post","link":"https:\/\/redphoenix.news\/es\/2025\/06\/la-guardia-nacional-invade-los-angeles-no-a-la-guerra-fascista-contra-el-pueblo\/","title":{"rendered":"La Guardia Nacional invade Los \u00c1ngeles: \u00a1No a la guerra fascista contra el pueblo!"},"content":{"rendered":"<figure class=\"wp-block-gallery has-nested-images columns-default is-cropped wp-block-gallery-1 is-layout-flex wp-block-gallery-is-layout-flex\">\n<figure class=\"wp-block-image size-large\"><a href=\"https:\/\/i0.wp.com\/theredphoenix.wordpress.com\/wp-content\/uploads\/2025\/06\/06-09-25_la-1.webp?ssl=1\"><img data-recalc-dims=\"1\" decoding=\"async\" loading=\"lazy\" data-id=\"33307\" src=\"https:\/\/i0.wp.com\/theredphoenix.wordpress.com\/wp-content\/uploads\/2025\/06\/06-09-25_la-1.webp?ssl=1\" alt=\"\" class=\"wp-image-33307\" \/><\/a><\/figure>\n\n\n\n<figure class=\"wp-block-image size-large\"><a href=\"https:\/\/i0.wp.com\/theredphoenix.wordpress.com\/wp-content\/uploads\/2025\/06\/06-09-25_la-3.webp?ssl=1\"><img data-recalc-dims=\"1\" decoding=\"async\" loading=\"lazy\" data-id=\"33310\" src=\"https:\/\/i0.wp.com\/theredphoenix.wordpress.com\/wp-content\/uploads\/2025\/06\/06-09-25_la-3.webp?ssl=1\" alt=\"\" class=\"wp-image-33310\" \/><\/a><\/figure>\n<\/figure>\n\n\n\n<p>El r\u00e9gimen fascista de Trump est\u00e1 escalando sus ataques violentos contra el pueblo con el despliegue de la Guardia Nacional contra manifestantes en Los \u00c1ngeles. Las redadas de ICE empezaron a tener como objetivo comunidades migrantes en L.A. en los \u00faltimos dos d\u00edas. Anti-fascistas, progresistas y defensores de derechos migrantes fueron a la escena para observar, documentar y protestar las acciones de ICE desde que los agentes llegaron el viernes. ICE arrest\u00f3, detenido, y herido a varias docenas de manifestantes, incluyendo el Presidente del Sindicato Internacional para los Empleados de Servicio de California, David Huerta.<\/p>\n\n\n\n<p>\u201cLo que me ha ocurrido no tiene que ver conmigo; tiene que ver con algo mucho m\u00e1s grande. Se trata de c\u00f3mo nosotros, como comunidad, nos mantenemos unidos y resistimos la injusticia que est\u00e1 ocurriendo. Personas trabajadoras, miembros de nuestra familia y de nuestra comunidad, est\u00e1n siendo tratadas como criminales. Todos colectivamente tenemos que oponernos a esta locura porque esto no es justicia. Esto es injusticia. Y todos tenemos que ponernos del lado correcto de la justicia,\u201d Huerta dijo en un comunicado publicado por SEIU de California el viernes.<\/p>\n\n\n\n<p>Huerta fue dado de alta del hospital, pero permanece detenido en el momento de redactar este informe.<\/p>\n\n\n\n<p>El S\u00e1bado, las protestas continuaron, bloqueando caminos y luchando con justicia contra la polic\u00eda fascista militarizada secuestro migrantes y miembros de comunidad. El r\u00e9gimen Trump, en respuesta, ha desplegado 2.000 efectivos de la Guardia Nacional para reprimir las protestas \u2013 una enorme reacci\u00f3n exagerada de una administraci\u00f3n asustada por el poder de un movimiento de protesta popular. La representante estadounidense Nanette Baragan ha relatado que funcionarios del estado de California han recibido instrucciones de Washington para prepararse para treinta d\u00edas de despliegue de la Guardia Nacional. Esto equivaldr\u00eda a una ocupaci\u00f3n militar y a la contrainsurgencia.<\/p>\n\n\n\n<p>Cuando el gobierno federal env\u00eda una fuerza policial militarizada para secuestrar y golpear a miembros y organizadores de la comunidad, <strong>se ha declarado la guerra al pueblo<\/strong>. La administraci\u00f3n Trump est\u00e1 cometiendo actos de terror del Estado. Adem\u00e1s, la administraci\u00f3n ha amenazado con \u00abenviar a los marines\u00bb para sofocar las protestas. Mientras esto puede ser una fanfarronada y una postura de Trump, no podemos ignorar y no ignoraremos la amenaza de enviar fuerzas militares regulares para reprimir las protestas populares.<\/p>\n\n\n\n<figure class=\"wp-block-image size-large\"><a href=\"https:\/\/i0.wp.com\/theredphoenix.wordpress.com\/wp-content\/uploads\/2025\/06\/06-09-25_la-4.webp?ssl=1\"><img data-recalc-dims=\"1\" decoding=\"async\" loading=\"lazy\" src=\"https:\/\/i0.wp.com\/theredphoenix.wordpress.com\/wp-content\/uploads\/2025\/06\/06-09-25_la-4.webp?ssl=1\" alt=\"\" class=\"wp-image-33312\" \/><\/a><\/figure>\n\n\n\n<p>El Partido Estadounidense del Trabajo condena con vehemencia y en t\u00e9rminos inequ\u00edvocos esta guerra fascista contra el pueblo. Hacemos un llamamiento a todos nuestros camaradas, amigos, simpatizantes y aliados para que pasen a la acci\u00f3n, alcen la voz y salgan a la calle.<\/p>\n\n\n\n<p>Ahora es el momento de unirte a tu comunidad. Conecta con organizaciones comunitarias dedicadas a echar a ICE y haz que crezcan. Ha llegado el momento de la acci\u00f3n popular militante. Lo que est\u00e1 en juego aumenta. No debemos rendirnos ni vacilar ni un segundo ante la embestida fascista.<\/p>\n\n\n\n<figure class=\"wp-block-gallery has-nested-images columns-default is-cropped wp-block-gallery-2 is-layout-flex wp-block-gallery-is-layout-flex\">\n<figure class=\"wp-block-image size-large\"><a href=\"https:\/\/i0.wp.com\/theredphoenix.wordpress.com\/wp-content\/uploads\/2025\/06\/06-09-25_la-5.webp?ssl=1\"><img data-recalc-dims=\"1\" decoding=\"async\" loading=\"lazy\" data-id=\"33313\" src=\"https:\/\/i0.wp.com\/theredphoenix.wordpress.com\/wp-content\/uploads\/2025\/06\/06-09-25_la-5.webp?ssl=1\" alt=\"\" class=\"wp-image-33313\" \/><\/a><\/figure>\n\n\n\n<figure class=\"wp-block-image size-large\"><a href=\"https:\/\/i0.wp.com\/theredphoenix.wordpress.com\/wp-content\/uploads\/2025\/06\/06-09-25_la-6.webp?ssl=1\"><img data-recalc-dims=\"1\" decoding=\"async\" loading=\"lazy\" data-id=\"33315\" src=\"https:\/\/i0.wp.com\/theredphoenix.wordpress.com\/wp-content\/uploads\/2025\/06\/06-09-25_la-6.webp?ssl=1\" alt=\"\" class=\"wp-image-33315\" \/><\/a><\/figure>\n<\/figure>\n\n\n\n<p>\u00a1El momento es AHORA!<\/p>\n\n\n\n<p>\u00a1Defend\u00e9 a los trabajadores inmigrantes!<\/p>\n\n\n\n<p>\u00a1Abole el ICE! \u00a1No a la ocupaci\u00f3n militar de nuestras comunidades!<\/p>","protected":false},"excerpt":{"rendered":"<p>El r\u00e9gimen fascista de Trump est\u00e1 escalando sus ataques violentos contra el pueblo con el despliegue de la Guardia Nacional contra manifestantes en Los \u00c1ngeles&#8230;<\/p>","protected":false},"author":7,"featured_media":40217,"comment_status":"closed","ping_status":"closed","sticky":false,"template":"","format":"standard","meta":{"nf_dc_page":"","_monsterinsights_skip_tracking":false,"_monsterinsights_sitenote_active":false,"_monsterinsights_sitenote_note":"","_monsterinsights_sitenote_category":0,"jetpack_post_was_ever_published":false,"_jetpack_newsletter_access":"","_jetpack_dont_email_post_to_subs":false,"_jetpack_newsletter_tier_id":0,"_jetpack_memberships_contains_paywalled_content":false,"_jetpack_memberships_contains_paid_content":false,"footnotes":""},"categories":[177,84,97],"tags":[224,353],"class_list":["post-33340","post","type-post","status-publish","format-standard","has-post-thumbnail","hentry","category-immigration","category-statements","category-us-news","tag-american-party-of-labor","tag-espanol"],"jetpack_featured_media_url":"https:\/\/i0.wp.com\/redphoenix.news\/wp-content\/uploads\/2026\/04\/06-09-25_la-1.webp?fit=1024%2C684&ssl=1","jetpack_sharing_enabled":true,"_links":{"self":[{"href":"https:\/\/redphoenix.news\/es\/wp-json\/wp\/v2\/posts\/33340","targetHints":{"allow":["GET"]}}],"collection":[{"href":"https:\/\/redphoenix.news\/es\/wp-json\/wp\/v2\/posts"}],"about":[{"href":"https:\/\/redphoenix.news\/es\/wp-json\/wp\/v2\/types\/post"}],"author":[{"embeddable":true,"href":"https:\/\/redphoenix.news\/es\/wp-json\/wp\/v2\/users\/7"}],"replies":[{"embeddable":true,"href":"https:\/\/redphoenix.news\/es\/wp-json\/wp\/v2\/comments?post=33340"}],"version-history":[{"count":1,"href":"https:\/\/redphoenix.news\/es\/wp-json\/wp\/v2\/posts\/33340\/revisions"}],"predecessor-version":[{"id":40218,"href":"https:\/\/redphoenix.news\/es\/wp-json\/wp\/v2\/posts\/33340\/revisions\/40218"}],"wp:featuredmedia":[{"embeddable":true,"href":"https:\/\/redphoenix.news\/es\/wp-json\/wp\/v2\/media\/40217"}],"wp:attachment":[{"href":"https:\/\/redphoenix.news\/es\/wp-json\/wp\/v2\/media?parent=33340"}],"wp:term":[{"taxonomy":"category","embeddable":true,"href":"https:\/\/redphoenix.news\/es\/wp-json\/wp\/v2\/categories?post=33340"},{"taxonomy":"post_tag","embeddable":true,"href":"https:\/\/redphoenix.news\/es\/wp-json\/wp\/v2\/tags?post=33340"}],"curies":[{"name":"wp","href":"https:\/\/api.w.org\/{rel}","templated":true}]}}