{"id":36655,"date":"2026-01-25T20:15:51","date_gmt":"2026-01-26T04:15:51","guid":{"rendered":"https:\/\/redphoenixnews.com\/?p=36655"},"modified":"2026-04-23T23:32:50","modified_gmt":"2026-04-24T04:32:50","slug":"declaracion-sobre-el-aumento-de-la-violencia-fascista-en-las-ciudades-gemelas-mn","status":"publish","type":"post","link":"https:\/\/redphoenix.news\/es\/2026\/01\/declaracion-sobre-el-aumento-de-la-violencia-fascista-en-las-ciudades-gemelas-mn\/","title":{"rendered":"Declaraci\u00f3n sobre el aumento de la violencia fascista en Las Ciudades Gemelas, MN"},"content":{"rendered":"<p class=\"has-small-font-size\"><strong><a href=\"https:\/\/redphoenixnews.com\/2026\/01\/18\/statement-on-the-increasing-fascist-violence-in-the-twin-cities-mn\/\">Divisi\u00f3n Ernst Th\u00e4lmann<\/a> del Partido Estadounidense del Trabajo | 18 de enero, 2026 | Las Ciudades Gemelas, Minnesota | Translated for the Red Phoenix by Colosio\u2013<\/strong><\/p>\n\n\n\n<h2 class=\"wp-block-heading\">Esto Es M\u00e1s Grande Que Trump<\/h2>\n\n\n\n<figure class=\"wp-block-image alignleft size-thumbnail\"><a href=\"https:\/\/i0.wp.com\/theredphoenix.wordpress.com\/wp-content\/uploads\/2024\/11\/mn-logo.png?ssl=1\"><img data-recalc-dims=\"1\" decoding=\"async\" loading=\"lazy\" src=\"https:\/\/i0.wp.com\/theredphoenix.wordpress.com\/wp-content\/uploads\/2024\/11\/mn-logo.png?ssl=1\" alt=\"\" class=\"wp-image-31826\" \/><\/a><\/figure>\n\n\n\n<p>La administraci\u00f3n fascista ha expandido sus operaciones en Twin Cities. Durante el \u00faltimo mes, pero especialmente durante la \u00faltima semana, ha estado deteniendo, maltratando y deportando a inmigrantes y minor\u00edas nacionales, y tambi\u00e9n ha comenzado a maltratar e incluso asesinar a los&nbsp;organizadores y a las amplias masas que se manifiestan en apoyo de los inmigrantes. Aunque esto es claramente una consecuencia de la p\u00f3liza racista y nacionalista de Trump, lo que est\u00e1 sucediendo en Minnesota en este momento es algo m\u00e1s profundo que la figura de Trump. Los&nbsp;enfrentamientos entre ICE y las amplias masas de las Ciudades Gemelas son un punto de inflexi\u00f3n en la lucha entre la clase capitalista fascista e imperialista y la clase trabajadora multinacional.<\/p>\n\n\n\n<h2 class=\"wp-block-heading\">La Lucha Entre ICE y La Poblaci\u00f3n de Minnesota: La Lucha de Clases&nbsp;<\/h2>\n\n\n\n<p>Se ha comparado la violencia de ICE con la de los Camisas pardas de Alemania, con las milicias de las dictaduras fascistas del pasado. Es una comparaci\u00f3n acertada: durante los \u00faltimos meses, y especialmente en la \u00faltima semana, hemos visto a ni\u00f1os golpeados, padres separados de sus hijos, intimidaci\u00f3n puerta a puerta y secuestros en p\u00fablico. ICE incluso ha demostrado estar dispuesto a asesinar a aliados y defensores de los inmigrantes, y a presumir de ello despu\u00e9s.&nbsp;<\/p>\n\n\n\n<p>Por otro lado, hemos sido testigos de la resistencia popular: organizaciones como MIRAC, CAIR MN y UNIDOS MN se han movilizado para proteger a los inmigrantes y las minor\u00edas raciales de esta violencia fascista. Hemos visto c\u00f3mo se han movilizado vastas y populares &#8220;redes de respuesta r\u00e1pida&#8221; para patrullar, documentar las acciones de ICE y disuadir los arrestos. La respuesta de la poblaci\u00f3n en las Ciudades Gemelas ha sido abrumadora.&nbsp;<\/p>\n\n\n\n<p>La lucha se est\u00e1 llevando a cabo bajo los lemas de &#8220;defender a nuestros vecinos&#8221;, &#8220;solidaridad con los inmigrantes&#8221; y &#8220;resistencia a ICE&#8221;. Estas son las aspiraciones y la voluntad inmediatas de las masas en Minnesota. Pero, en un nivel m\u00e1s profundo, se trata de una lucha entre la clase capitalista, por un lado, y la clase trabajadora multinacional, por el otro.&nbsp;<\/p>\n\n\n\n<p>A puerta cerrada, los fascistas y los capitalistas, ya sean Dem\u00f3cratas o Republicanos (o sus donantes), no reconocen ninguna ley ni distinci\u00f3n entre la mano de obra nacida en Estados Unidos y la mano de obra extranjera. Para ellos, un inmigrante es simplemente un tipo de trabajador que puede ser<\/p>\n\n\n\n<p>explotado al m\u00e1ximo, que no tiene derechos que los capitalistas est\u00e1n obligados a respetar, que puede ser intimidado, amenazado y silenciado. Adem\u00e1s, la intensificaci\u00f3n de la opresi\u00f3n contra los inmigrantes y las minor\u00edas nacionales siembra desconfianza entre las diferentes nacionalidades de la clase trabajadora, debilitando y dividiendo nuestro movimiento. La nueva ofensiva fascista no es m\u00e1s que la pol\u00edtica m\u00e1s descarada y racista de los capitalistas para explotar, oprimir y ejecutar a las minor\u00edas nacionales y raciales.&nbsp;<\/p>\n\n\n\n<p>Por otro lado, la respuesta popular representa la voluntad y la unidad de la clase trabajadora multinacional. Todo trabajador e intelectual progresista percibe que la opresi\u00f3n de los inmigrantes es tambi\u00e9n su propia opresi\u00f3n, que los inmigrantes pertenecen a su misma clase social, y que los convoyes de ICE utilizados hoy para secuestrar y oprimir a inmigrantes, minor\u00edas raciales y sus aliados, ser\u00e1n utilizados ma\u00f1ana para reprimir su pr\u00f3xima huelga y arrebatarles sus derechos con m\u00ednima resistencia.&nbsp;<\/p>\n\n\n\n<h2 class=\"wp-block-heading\">La lucha contra el fascismo no es una causa perdida&nbsp;<\/h2>\n\n\n\n<p>Si se analiza la situaci\u00f3n desde la perspectiva de \u201dla administraci\u00f3n Trump ataca a los inmigrantes&#8221;, la situaci\u00f3n parece desesperada. Los inmigrantes tienen muy pocos derechos legales, mientras que Trump cuenta con una milicia privada en r\u00e1pido crecimiento.&nbsp;<\/p>\n\n\n\n<p>Debido a d\u00e9cadas de racismo, pr\u00e1cticas discriminatorias residenciales, opresi\u00f3n ling\u00fc\u00edstica, etc., los inmigrantes a menudo parecen tener pocos aliados, mientras que la administraci\u00f3n Trump se ha enfrentado a una resistencia m\u00ednima e hip\u00f3crita por parte de la prensa, los supuestos pol\u00edticos &#8220;izquierdistas&#8221;, etc., como el gobernador Tim Walz, quien, tras el asesinato de Renee Good, insisti\u00f3 a protestas pac\u00edficas, diciendo: &#8220;Quieren un espect\u00e1culo, no podemos d\u00e1rselo&#8221;, recurriendo a la ret\u00f3rica del &#8220;Orden y Ley&#8221;.&nbsp;<\/p>\n\n\n\n<p>Pero, si se analiza desde la perspectiva de la lucha de clases, toda la situaci\u00f3n cambia por completo. La clase trabajadora multinacional, unida por sus condiciones comunes de opresi\u00f3n y explotaci\u00f3n, es mucho m\u00e1s amplia, poderosa y capaz que la clase capitalista, incluso con sus ej\u00e9rcitos, milicias, medios de comunicaci\u00f3n y t\u00edteres dentro del movimiento obrero.&nbsp;<\/p>\n\n\n\n<p>El fascismo es el resultado inevitable del capitalismo: la p\u00f3liza inevitable de la clase capitalista dominante cuando se enfrenta a una crisis capitalista a escala internacional (como ocurre en la actualidad). Pero el movimiento de la clase trabajadora crece en alcance y fuerza como consecuencia de esta misma crisis. La clase trabajadora se da cuenta de que ya no es posible salir adelante<\/p>\n\n\n\n<p>arrancando concesiones a la clase capitalista; m\u00e1s bien, la clase trabajadora comprende que debe tomar el poder por s\u00ed misma. Una vez que haya tomado el poder, la clase trabajadora destruir\u00e1 todas las viejas instituciones racistas, xen\u00f3fobas y opresivas, y construir\u00e1 otras nuevas basadas en los principios de igualdad entre nacionalidades y razas. Esta toma del poder por parte de la clase trabajadora significa la construcci\u00f3n del socialismo, un cambio hist\u00f3rico con implicaciones para todos los \u00e1mbitos de la sociedad, pero por ahora, nos centraremos en el hecho de que el socialismo significa la igualdad de todos los pueblos, la libertad de usar su propio idioma y el fin de todas las pol\u00edticas racistas, xen\u00f3fobas y opresivas.&nbsp;<\/p>\n\n\n\n<p>Pero este poder de la clase trabajadora, su organizaci\u00f3n y su conexi\u00f3n m\u00e1s all\u00e1 de las fronteras artificiales construidas por la clase capitalista, debe adquirir una forma inmediata y concreta. En la situaci\u00f3n actual, esto significa perseguir objetivos inmediatos para la protecci\u00f3n de los trabajadores inmigrantes y de las minor\u00edas nacionales oprimidas, as\u00ed como trabajar intensamente para superar la divisi\u00f3n artificial de los trabajadores en sus respectivos &#8220;grupos&#8221; nacionales.&nbsp;<\/p>\n\n\n\n<h2 class=\"wp-block-heading\">Medidas Inmediatas&nbsp;<\/h2>\n\n\n\n<p>Los objetivos generales incluyen:&nbsp;<\/p>\n\n\n\n<p>\u2013 La protecci\u00f3n de las comunidades inmigrantes y la creaci\u00f3n de redes de apoyo que sirvan de escudo contra la actividad de ICE;&nbsp;<\/p>\n\n\n\n<p>\u2013 La disuasi\u00f3n y expulsi\u00f3n de ICE de Minnesota, y de las Ciudades Gemelas en particular;&nbsp;<\/p>\n\n\n\n<p>\u2013 Denunciar la colaboraci\u00f3n t\u00e1cita de las autoridades locales, los medios de comunicaci\u00f3n, etc., con ICE y el r\u00e9gimen de Trump; proponer alternativas revolucionarias que defiendan al pueblo sin concesiones.&nbsp;<\/p>\n\n\n\n<p>Alcanzar estos objetivos requerir\u00e1 una organizaci\u00f3n, educaci\u00f3n y trabajo incansables en todo tipo de organizaciones de masas. Estos objetivos deben guiar nuestras t\u00e1cticas y nuestro pensamiento en el pr\u00f3ximo per\u00edodo; todas nuestras decisiones y m\u00e9todos de organizaci\u00f3n deben estar conscientemente orientados a lograrlos. En cuanto a la lucha inmediata, existen muchas opciones. Los trabajadores inmigrantes tienen la posibilidad de conectarse con organizaciones de base como CAIR MN, Unidos MN, Mid-Minnesota Legal Aid, MIRAC y otras, que ofrecen recursos de ayuda inmediata a las familias inmigrantes que intentan sobrellevar la vida bajo un mayor nivel de vigilancia, opresi\u00f3n y<\/p>\n\n\n\n<p>brutalidad. Adem\u00e1s, los organizadores comunitarios de confianza pueden ponerte en contacto con tus vecinos, sean ciudadanos documentados o no, para ayudar a coordinar la entrega de alimentos, el transporte y la respuesta r\u00e1pida ante redadas o investigaciones por parte de ICE o de milicias fascistas.&nbsp;<\/p>\n\n\n\n<p>Los ciudadanos pueden y deben aportar sus habilidades y energ\u00edas a las iniciativas mencionadas: la habilidad de interpretar idiomas, el dise\u00f1o gr\u00e1fico, los conocimientos de log\u00edstica, las donaciones, el transporte, etc., pueden ser de gran utilidad para los grupos de defensa de los derechos de los inmigrantes, las organizaciones de asistencia legal y los grupos y redes comunitarias locales. A nivel pol\u00edtico, tambi\u00e9n pueden movilizarse contra ICE y la administraci\u00f3n fascista, luchar junto a sus compa\u00f1eros de trabajo, colegas y familiares para superar el sentimiento racista y nacionalista, e involucrar a sus colegas m\u00e1s progresistas en la lucha contra el fascismo. Estas luchas pueden y deben desarrollarse en \u00e1mbitos aparentemente sin conexi\u00f3n: en los sindicatos, las juntas escolares, las organizaciones comunitarias y culturales.&nbsp;<\/p>\n\n\n\n<p>Para todos los trabajadores, si llevamos a cabo tareas como estas teniendo en cuenta la lista de objetivos mencionados anteriormente, podremos ir m\u00e1s all\u00e1 de estos pasos inmediatos y comenzar a ejercer poder econ\u00f3mico y pol\u00edtico mediante huelgas, campa\u00f1as y manifestaciones bien planificadas.&nbsp;<\/p>\n\n\n\n<h2 class=\"wp-block-heading\">Organizaci\u00f3n, no anarqu\u00eda; proteger a los inmigrantes, expulsar a ICE, detener a los colaboradores&nbsp;<\/h2>\n\n\n\n<p>Todos los trabajadores que participan en esta lucha deben priorizar la organizaci\u00f3n, la planificaci\u00f3n cuidadosa y la comunicaci\u00f3n con los diferentes sectores involucrados en la lucha. No podemos permitirnos ser precipitados, aventureros ni anarquistas. Pero, por otro lado, inevitablemente nos encontraremos con l\u00edderes del movimiento obrero y de las organizaciones comunitarias que nos dir\u00e1n que vayamos m\u00e1s despacio, que desincentivan las formas de lucha efectivas y contundentes, e intenten minimizar el car\u00e1cter pol\u00edtico y las implicaciones generales de esta lucha. Todos los trabajadores (inmigrantes o ciudadanos documentados) deben luchar tenazmente contra estas tendencias y estar decididos en su trabajo para lograr plenamente los amplios objetivos mencionados: Proteger a los inmigrantes, expulsar a ICE y detener a los colaboradores. Con estas victorias a nuestras espaldas y la experiencia adquirida en estas luchas, podemos avanzar con paso firme y decidido hacia las siguientes etapas, cada vez m\u00e1s elevadas, de la lucha contra la opresi\u00f3n fascista, imperialista y capitalista: la lucha por el socialismo.<\/p>","protected":false},"excerpt":{"rendered":"<p>Divisi\u00f3n Ernst Th\u00e4lmann del Partido Estadounidense del Trabajo | 18 de enero, 2026 | Las Ciudades Gemelas, Minnesota | Translated for the Red Phoenix by..<\/p>","protected":false},"author":7,"featured_media":40057,"comment_status":"closed","ping_status":"closed","sticky":false,"template":"","format":"standard","meta":{"nf_dc_page":"","_monsterinsights_skip_tracking":false,"_monsterinsights_sitenote_active":false,"_monsterinsights_sitenote_note":"","_monsterinsights_sitenote_category":0,"jetpack_post_was_ever_published":false,"_jetpack_newsletter_access":"","_jetpack_dont_email_post_to_subs":false,"_jetpack_newsletter_tier_id":0,"_jetpack_memberships_contains_paywalled_content":false,"_jetpack_memberships_contains_paid_content":false,"footnotes":""},"categories":[177,97],"tags":[353],"class_list":["post-36655","post","type-post","status-publish","format-standard","has-post-thumbnail","hentry","category-immigration","category-us-news","tag-espanol"],"jetpack_featured_media_url":"https:\/\/i0.wp.com\/redphoenix.news\/wp-content\/uploads\/2026\/04\/mn-logo.png?fit=150%2C150&ssl=1","jetpack_sharing_enabled":true,"_links":{"self":[{"href":"https:\/\/redphoenix.news\/es\/wp-json\/wp\/v2\/posts\/36655","targetHints":{"allow":["GET"]}}],"collection":[{"href":"https:\/\/redphoenix.news\/es\/wp-json\/wp\/v2\/posts"}],"about":[{"href":"https:\/\/redphoenix.news\/es\/wp-json\/wp\/v2\/types\/post"}],"author":[{"embeddable":true,"href":"https:\/\/redphoenix.news\/es\/wp-json\/wp\/v2\/users\/7"}],"replies":[{"embeddable":true,"href":"https:\/\/redphoenix.news\/es\/wp-json\/wp\/v2\/comments?post=36655"}],"version-history":[{"count":1,"href":"https:\/\/redphoenix.news\/es\/wp-json\/wp\/v2\/posts\/36655\/revisions"}],"predecessor-version":[{"id":40058,"href":"https:\/\/redphoenix.news\/es\/wp-json\/wp\/v2\/posts\/36655\/revisions\/40058"}],"wp:featuredmedia":[{"embeddable":true,"href":"https:\/\/redphoenix.news\/es\/wp-json\/wp\/v2\/media\/40057"}],"wp:attachment":[{"href":"https:\/\/redphoenix.news\/es\/wp-json\/wp\/v2\/media?parent=36655"}],"wp:term":[{"taxonomy":"category","embeddable":true,"href":"https:\/\/redphoenix.news\/es\/wp-json\/wp\/v2\/categories?post=36655"},{"taxonomy":"post_tag","embeddable":true,"href":"https:\/\/redphoenix.news\/es\/wp-json\/wp\/v2\/tags?post=36655"}],"curies":[{"name":"wp","href":"https:\/\/api.w.org\/{rel}","templated":true}]}}