{"id":41243,"date":"2026-04-26T16:25:55","date_gmt":"2026-04-26T21:25:55","guid":{"rendered":"https:\/\/redphoenix.news\/?p=41243"},"modified":"2026-04-27T20:57:01","modified_gmt":"2026-04-28T01:57:01","slug":"struggle-against-remigration-an-important-aspect-of-fight-against-imperialism-reaction","status":"publish","type":"post","link":"https:\/\/redphoenix.news\/es\/2026\/04\/struggle-against-remigration-an-important-aspect-of-fight-against-imperialism-reaction\/","title":{"rendered":"La lucha contra la remigraci\u00f3n, un aspecto importante de la lucha contra el imperialismo, reacci\u00f3n"},"content":{"rendered":"<figure class=\"wp-block-image alignleft size-thumbnail\"><img data-recalc-dims=\"1\" decoding=\"async\" width=\"150\" height=\"150\" loading=\"lazy\" src=\"https:\/\/i0.wp.com\/redphoenix.news\/wp-content\/uploads\/Logos\/CIPOML\/italy_opcp.jpeg?resize=150%2C150&#038;ssl=1\" alt=\"\" class=\"wp-image-40997\" srcset=\"https:\/\/i0.wp.com\/redphoenix.news\/wp-content\/uploads\/Logos\/CIPOML\/italy_opcp.jpeg?resize=150%2C150&amp;ssl=1 150w, https:\/\/i0.wp.com\/redphoenix.news\/wp-content\/uploads\/Logos\/CIPOML\/italy_opcp.jpeg?resize=300%2C300&amp;ssl=1 300w, https:\/\/i0.wp.com\/redphoenix.news\/wp-content\/uploads\/Logos\/CIPOML\/italy_opcp.jpeg?w=500&amp;ssl=1 500w\" sizes=\"auto, (max-width: 150px) 100vw, 150px\" \/><\/figure>\n\n\n\n<h6 class=\"wp-block-heading\">Organizaci\u00f3n del Partido Comunista del Proletariado, Italia |\u00a0<a href=\"https:\/\/piattaformacomunista.com\/index.php\/la-guerra-e-la-pace-degli-imperialisti-sono-sempre-dirette-contro-il-proletariato-e-i-popoli\/\" target=\"_blank\" rel=\"noreferrer noopener\">Plataforma Comunista<\/a>\u00a0|\u00a0<a href=\"https:\/\/piattaformacomunista.com\/index.php\/la-lotta-alla-remigrazione-importante-aspetto-della-lotta-contro-limperialismo-e-la-reazione\/\">31 de marzo de 2026<\/a>\u00a0Traducido para el Red Phoenix por Mike M.\u2013<\/h6>\n\n\n\n<h2 class=\"wp-block-heading\">El fen\u00f3meno de la migraci\u00f3n y sus causas<\/h2>\n\n\n\n<p class=\"\">El agravamiento de la crisis general del sistema capitalista internacional, junto con la creciente lucha entre grupos monopol\u00edsticos y potencias imperialistas por las materias primas y los territorios ajenos, ha provocado la desestabilizaci\u00f3n econ\u00f3mica y social de vastas zonas del planeta.<\/p>\n\n\n\n<p class=\"\">Pa\u00edses enteros y regiones pobres han quedado completamente devastados por los conflictos, las guerras civiles, las agresiones y el saqueo de millones de hect\u00e1reas de tierra y recursos minerales por parte de corporaciones multinacionales y los pa\u00edses m\u00e1s ricos que controlan, por el chantaje perpetrado por \u00f3rganos depredadores como el FMI y el Banco Mundial, y por las continuas pol\u00edticas de robo llevadas a cabo por el capital financiero y la destrucci\u00f3n ambiental sist\u00e9mica, cuyas tr\u00e1gicas consecuencias ya est\u00e1n ante nuestros ojos.<\/p>\n\n\n\n<p class=\"\">La pobreza, el hambre, el desempleo masivo, las guerras de saqueo y los reg\u00edmenes reaccionarios son las causas que han llevado a millones de personas a emigrar en busca de una vida mejor.<\/p>\n\n\n\n<p class=\"\">Las contradicciones del sistema capitalista-imperialista han provocado el \u00e9xodo exponencial de millones de migrantes de pa\u00edses pobres y d\u00e9biles. Por un lado, el imperialismo empuja a los proletarios, semiproletarios y campesinos pobres a emigrar; por otro, los atrae a las ciudades m\u00e1s ricas y a las &quot;zonas econ\u00f3micas especiales&quot; como mano de obra barata, en condiciones humillantes, y los emplea principalmente en trabajos rechazados por los trabajadores locales, quienes, condicionados por la propaganda reaccionaria, compiten con los trabajadores inmigrantes.<\/p>\n\n\n\n<p class=\"\">De este modo, la inmigraci\u00f3n masiva ha experimentado un aumento constante, que se ha materializado en un incremento de los migrantes internacionales, cuyo n\u00famero ha pasado de unos 150 millones a principios de siglo a m\u00e1s de 300 millones en 2024.<\/p>\n\n\n\n<p class=\"\">Los pa\u00edses de destino, como es l\u00f3gico, pertenec\u00edan en su mayor\u00eda a los pa\u00edses de la OCDE, concentrados sobre todo en Norteam\u00e9rica, la Uni\u00f3n Europea y la Asociaci\u00f3n Europea de Libre Comercio, Asia oriental y Australia. Rusia, Arabia Saud\u00ed y los estados del Golfo P\u00e9rsico son otros destinos importantes.<\/p>\n\n\n\n<figure class=\"wp-block-image size-large\"><a href=\"https:\/\/i0.wp.com\/redphoenix.news\/wp-content\/uploads\/2026\/04\/04-2026_remigration1.webp?ssl=1\"><img data-recalc-dims=\"1\" decoding=\"async\" width=\"1024\" height=\"682\" loading=\"lazy\" src=\"https:\/\/i0.wp.com\/redphoenix.news\/wp-content\/uploads\/2026\/04\/04-2026_remigration1.webp?resize=1024%2C682&#038;ssl=1\" alt=\"\" class=\"wp-image-41247\" srcset=\"https:\/\/i0.wp.com\/redphoenix.news\/wp-content\/uploads\/2026\/04\/04-2026_remigration1.webp?resize=1024%2C682&amp;ssl=1 1024w, https:\/\/i0.wp.com\/redphoenix.news\/wp-content\/uploads\/2026\/04\/04-2026_remigration1.webp?resize=300%2C200&amp;ssl=1 300w, https:\/\/i0.wp.com\/redphoenix.news\/wp-content\/uploads\/2026\/04\/04-2026_remigration1.webp?resize=768%2C512&amp;ssl=1 768w, https:\/\/i0.wp.com\/redphoenix.news\/wp-content\/uploads\/2026\/04\/04-2026_remigration1.webp?resize=940%2C626&amp;ssl=1 940w, https:\/\/i0.wp.com\/redphoenix.news\/wp-content\/uploads\/2026\/04\/04-2026_remigration1.webp?w=1100&amp;ssl=1 1100w\" sizes=\"auto, (max-width: 1000px) 100vw, 1000px\" \/><\/a><\/figure>\n\n\n\n<h2 class=\"wp-block-heading\">Lenin sobre la migraci\u00f3n de los trabajadores<\/h2>\n\n\n\n<p class=\"\">El fen\u00f3meno migratorio provocado por la continua agresi\u00f3n imperialista mundial ha sido ampliamente analizado por el pensamiento marxista revolucionario.<\/p>\n\n\n\n<p class=\"\">En su texto de 1913 titulado <em>Capitalismo e inmigraci\u00f3n obrera, <\/em>Lenin subraya que \u201cel capitalismo ha dado lugar a una forma especial de migraci\u00f3n de naciones. Los pa\u00edses industriales en r\u00e1pido desarrollo, al introducir maquinaria a gran escala y expulsar a los pa\u00edses atrasados del mercado mundial, elevan los salarios internos por encima de la media y, por lo tanto, atraen a trabajadores de los pa\u00edses atrasados.<\/p>\n\n\n\n<p class=\"\">As\u00ed, cientos de miles de trabajadores vagan por cientos y miles de verstas. El capitalismo avanzado los arrastra a la fuerza a su \u00f3rbita, los arranca de los rincones m\u00e1s remotos donde viven, los convierte en participantes de un movimiento hist\u00f3rico mundial y los enfrenta a la poderosa, unida e internacional clase de due\u00f1os de f\u00e1bricas.<\/p>\n\n\n\n<p class=\"\">No cabe duda de que la extrema pobreza por s\u00ed sola obliga a las personas a abandonar su tierra natal, y de que los capitalistas explotan a los trabajadores inmigrantes de la manera m\u00e1s descarada.\u201d<\/p>\n\n\n\n<p class=\"\">Lenin subraya la base econ\u00f3mica de la inmigraci\u00f3n, que radica en el desarrollo desigual del capitalismo, e indica que es el capitalismo m\u00e1s avanzado el que obliga a millones de trabajadores a emigrar desde los pa\u00edses m\u00e1s atrasados. Citando estad\u00edsticas de inmigraci\u00f3n en Estados Unidos y Alemania, Lenin demuestra que el desarrollo de los movimientos migratorios de proletarios no ces\u00f3, sino que su estructura cambi\u00f3 entre 1880 y 1890. Mientras que en el per\u00edodo anterior la emigraci\u00f3n europea proven\u00eda principalmente de los &quot;pa\u00edses civilizados&quot; (Inglaterra y Alemania), donde el capitalismo se hab\u00eda desarrollado con mayor rapidez, ahora eran los pa\u00edses &quot;atrasados&quot; (empezando por Europa del Este) los que proporcionaban trabajadores menos cualificados a Estados Unidos y otros pa\u00edses capitalistas avanzados.<\/p>\n\n\n\n<p class=\"\">Lenin prosigue: \u201cAs\u00ed pues, los pa\u00edses m\u00e1s atrasados del viejo mundo, aquellos que m\u00e1s que ning\u00fan otro conservan vestigios del feudalismo en todos los \u00e1mbitos de la vida social, est\u00e1n, por as\u00ed decirlo, recibiendo un entrenamiento obligatorio en civilizaci\u00f3n.\u201d<\/p>\n\n\n\n<p class=\"\">Pasando del plano econ\u00f3mico al m\u00e1s puramente pol\u00edtico, Lenin observa que si bien los trabajadores rusos est\u00e1n m\u00e1s atrasados desde este punto de vista, est\u00e1n m\u00e1s avanzados en la lucha contra los intentos de la burgues\u00eda de avivar las divisiones raciales entre los trabajadores.<\/p>\n\n\n\n<p class=\"\">En este sentido, en El imperialismo, fase superior del capitalismo (1916), al analizar las contradicciones inherentes a la \u00faltima fase del desarrollo capitalista, caracterizada por el \u201cparasitismo y la putrefacci\u00f3n\u201d, Lenin revela las consecuencias pol\u00edticas, caracterizadas por la \u201ctendencia del imperialismo a dividir a los trabajadores, a fortalecer el oportunismo entre ellos y a provocar una decadencia temporal en el movimiento obrero\u201d.\u201d<\/p>\n\n\n\n<p class=\"\"><br>Las repercusiones contempor\u00e1neas del an\u00e1lisis de Lenin muestran hasta qu\u00e9 punto la inmigraci\u00f3n y las condiciones de vida y trabajo de los inmigrantes deben tenerse en cuenta. <br>el marco de la teor\u00eda imperialista, fuera del cual las formas actuales de este fen\u00f3meno parecer\u00edan abstractas e incomprensibles.<\/p>\n\n\n\n<h2 class=\"wp-block-heading\">La migraci\u00f3n y la extrema derecha en Europa<\/h2>\n\n\n\n<p class=\"\">En el escenario actual, caracterizado por oleadas masivas de millones de proletarios procedentes de las regiones m\u00e1s pobres y devastadas del planeta, los pa\u00edses imperialistas, que se enfrentan a las crisis econ\u00f3micas c\u00edclicas del capitalismo y al desarrollo de la tendencia a la guerra por una nueva divisi\u00f3n del mundo, han sido testigos del crecimiento de formaciones y partidos pol\u00edticos nacionalistas, neofascistas y xen\u00f3fobos.<\/p>\n\n\n\n<p class=\"\">El sentimiento de odio hacia el \u201cmigrante\u201d, alimentado por vergonzosas campa\u00f1as de desinformaci\u00f3n de la prensa burguesa, con la intenci\u00f3n de dividir al proletariado enfrentando a los trabajadores entre s\u00ed, se ha transformado en las \u00faltimas d\u00e9cadas en un proceso social y pol\u00edtico denominado \u201cremigraci\u00f3n\u201d.\u201d<\/p>\n\n\n\n<p class=\"\">Este proceso, originario de Europa occidental, especialmente de Francia y Alemania, prev\u00e9 la expulsi\u00f3n mediante deportaci\u00f3n forzosa de grandes cantidades de inmigrantes de primera, segunda o tercera generaci\u00f3n a sus pa\u00edses de origen. Se trata de una respuesta violenta del capitalismo global a las desigualdades sist\u00e9micas y los males que \u00e9l mismo ha generado.<\/p>\n\n\n\n<p class=\"\">El concepto de &quot;remigraci\u00f3n&quot; en su forma contempor\u00e1nea tom\u00f3 forma en la Francia imperialista en la d\u00e9cada de 1990 dentro de los espacios de extrema derecha que, a su vez, lo extendieron incluso a las zonas perif\u00e9ricas y los suburbios, donde los trabajadores locales e inmigrantes (generalmente de segunda generaci\u00f3n, que alguna vez fueron coloniales) hab\u00edan vivido codo con codo durante d\u00e9cadas.<\/p>\n\n\n\n<p class=\"\">El conflicto obrero artificialmente creado por la burgues\u00eda francesa deriv\u00f3 en violentos enfrentamientos que culminaron en las revueltas suburbanas de 2005. En este contexto, el creciente odio hacia los inmigrantes, alimentado por fren\u00e9ticas campa\u00f1as de prensa y por la proliferaci\u00f3n de grupos xen\u00f3fobos, se canaliz\u00f3 r\u00e1pidamente hacia el ultraderechista Frente Nacional, que en 2018 adopt\u00f3 el nombre de Agrupaci\u00f3n Nacional. Este partido encontr\u00f3 apoyo en la teor\u00eda del \u201cGran Reemplazo\u201d, defendida por el escritor Renaud Camus, exponente del supremacismo blanco convencido de la supuesta \u201cmutaci\u00f3n\u201d de Francia tras su \u201ccolonizaci\u00f3n\u201d por inmigrantes isl\u00e1micos procedentes de Oriente Medio y \u00c1frica.<\/p>\n\n\n\n<p class=\"\">El auge del neofascismo en Francia se ha consolidado en los \u00faltimos a\u00f1os con el nacimiento del partido pol\u00edtico Reconquista, que ha conseguido un esca\u00f1o en el Parlamento Europeo.<\/p>\n\n\n\n<p class=\"\">En los \u00faltimos a\u00f1os, la pol\u00edtica de los gobiernos franceses, aprovechando la creciente xenofobia y el auge del consenso electoral de la ultraderecha, ha conllevado una mayor represi\u00f3n de la migraci\u00f3n mediante la introducci\u00f3n, por un lado, de la denominada \u201cayuda al retorno voluntario\u201d, que incluye incentivos econ\u00f3micos para quienes deciden abandonar el pa\u00eds, y, por otro, la adopci\u00f3n de medidas cada vez m\u00e1s restrictivas. Por ejemplo, ahora se requieren 24 meses de residencia para la reagrupaci\u00f3n familiar, frente a los dieciocho que establec\u00eda la reforma de diciembre de 2023.<\/p>\n\n\n\n<p class=\"\">Si bien la Francia imperialista sigue siendo uno de los destinos preferidos por los migrantes africanos que huyen de condiciones desesperadas, somos testigos, d\u00eda tras d\u00eda, de la demolici\u00f3n programada del modelo franc\u00e9s &quot;asimilacionista&quot;, que se fund\u00f3 en la igualdad formal de todos los ciudadanos, nativos e inmigrantes, ante la ley.<\/p>\n\n\n\n<p class=\"\">En Alemania, las tendencias favorables a la repatriaci\u00f3n de migrantes se encuentran principalmente en dos grupos de extrema derecha: el partido Alternativa para Alemania (AfD) de Alice Weidel y Tino Chrupalla, y el Movimiento Identitario Alem\u00e1n (IBD), el grupo austriaco hom\u00f3nimo del hermano gemelo de Martin Sellner. Ambos se caracterizan por su entusiasta aprobaci\u00f3n de las pol\u00edticas de expulsi\u00f3n masiva de solicitantes de asilo y de ciudadanos considerados &quot;no asimilados&quot;.<\/p>\n\n\n\n<p class=\"\">Con el lema &quot;solo la remigraci\u00f3n puede salvar a Alemania&quot;, la AfD (que obtuvo el 20,81% de los votos en las \u00faltimas elecciones) lleva tiempo difundiendo una agresiva propaganda pol\u00edtica dirigida a amplias zonas del pa\u00eds, desde Potsdam, donde en 2024 tuvo lugar un enfrentamiento entre el IBD y otros grupos neonazis sobre el tema de la migraci\u00f3n, hasta Karlsruhe, donde en 2025 entreg\u00f3 &quot;tarjetas de expulsi\u00f3n&quot; en los buzones de correo de los inmigrantes.<\/p>\n\n\n\n<p class=\"\">A esto se suma la campa\u00f1a xen\u00f3foba bajo el lema \u201cremigraci\u00f3n de extranjeros no invitados\u201d, lanzada en Austria por el FP\u00d6 (Partido de la Libertad de Austria) de Herbert Kickl, quien, gracias al 29,21% de los votos obtenidos por el partido en las \u00faltimas elecciones parlamentarias, corre el riesgo de convertirse pr\u00f3ximamente en el pr\u00f3ximo canciller austriaco. No fue casualidad, pues, que la concentraci\u00f3n \u201cinternacional\u201d de la ultraderecha sobre el tema de la remigraci\u00f3n y para frenar la \u201cislamizaci\u00f3n\u201d tuviera lugar el verano pasado en Viena.<\/p>\n\n\n\n<h2 class=\"wp-block-heading\">Trump y la caza de inmigrantes<\/h2>\n\n\n\n<p class=\"\">En las \u00faltimas d\u00e9cadas, la pol\u00edtica migratoria en Estados Unidos, que se enfrenta a la inmigraci\u00f3n masiva de miles de personas procedentes de M\u00e9xico y otros pa\u00edses latinoamericanos (por no mencionar las procedentes de Asia, Oriente Medio y \u00c1frica occidental), se ha visto marcada por la construcci\u00f3n de un muro (&quot;el muro de la verg\u00fcenza&quot;) a lo largo de la frontera con M\u00e9xico, iniciada por la administraci\u00f3n de George H. W. Bush en 1990 y continuada por las sucesivas presidencias (Clinton, George W. Bush, Obama y Trump).<\/p>\n\n\n\n<p class=\"\">Hoy, con la segunda presidencia de Trump, el imperialismo estadounidense est\u00e1 asumiendo sin duda el papel de l\u00edder y punta de lanza en la aplicaci\u00f3n de pol\u00edticas cada vez m\u00e1s reaccionarias, agresivas e incitadoras a la guerra.<\/p>\n\n\n\n<p class=\"\">Con un discurso cargado de ret\u00f3rica chovinista y marcado por el nacionalismo m\u00e1s crudo, Trump ha delineado su llamada &quot;estrategia estadounidense&quot;. Se trata de un conjunto de directrices y orientaciones pol\u00edticas definidas, por un lado, por el intervencionismo \u2014directo o indirecto\u2014 en todas las cuestiones internacionales donde est\u00e1n en juego intereses importantes, disfrazando tales agresiones e injerencias con el manto de una emergencia humanitaria que abarca desde el peligro nuclear hasta el &quot;narcotr\u00e1fico&quot;; y, por otro, por la llamada &quot;migraci\u00f3n masiva&quot;, que, como declar\u00f3 expresamente Trump, representa uno de los obst\u00e1culos que deben eliminarse para garantizar la defensa de los derechos y libertades fundamentales de los ciudadanos estadounidenses.<\/p>\n\n\n\n<p class=\"\">Promovida bajo el falso pretexto de la &quot;seguridad nacional&quot;, la remigraci\u00f3n se ha convertido as\u00ed en la piedra angular de las pol\u00edticas del segundo gobierno de Donald Trump, que comenzaron a tomar forma a lo largo de 2025.<\/p>\n\n\n\n<p class=\"\">Estas pol\u00edticas no se limitan a la deportaci\u00f3n de inmigrantes &quot;ilegales&quot;, sino que apuntan a deportaciones a gran escala, incluyendo a personas con estatus legal, refugiados, personas con estatus de protecci\u00f3n o aquellas consideradas &quot;no asimiladas&quot;.\u201c<\/p>\n\n\n\n<p class=\"\">Paralelamente a la remigraci\u00f3n, la administraci\u00f3n Trump ha suspendido las solicitudes de inmigraci\u00f3n procedentes de pa\u00edses definidos como de &quot;alto riesgo&quot;.\u201c<\/p>\n\n\n\n<p class=\"\">La deportaci\u00f3n masiva de inmigrantes se ha convertido as\u00ed en un programa de proporciones gigantescas. De hecho, Trump ha prometido expulsar a millones de personas de Estados Unidos (algunas estimaciones oscilan entre 10 y 20 millones).<\/p>\n\n\n\n<p class=\"\">Para lograr su objetivo, la administraci\u00f3n Trump tambi\u00e9n ha reforzado agencias federales como el tristemente c\u00e9lebre ICE (Servicio de Inmigraci\u00f3n y Control de Aduanas), que se ha convertido en una milicia armada racista y fascista desatada en todos los rincones del pa\u00eds para implementar las pol\u00edticas represivas de discriminaci\u00f3n impuestas por el gobierno federal, realizando miles de arrestos cada d\u00eda.<\/p>\n\n\n\n<p class=\"\">Aunque el ICE ya estaba plenamente operativo durante la presidencia de Biden, sus poderes se han visto enormemente incrementados con la segunda administraci\u00f3n de Trump. Sus m\u00e9todos de intervenci\u00f3n se han hecho patentes en varios estados, como Oreg\u00f3n y Minnesota, donde la violencia de la agencia alcanz\u00f3 tal nivel de ferocidad que provoc\u00f3 el asesinato de ciudadanos estadounidenses: Keith Porter en Los \u00c1ngeles en diciembre de 2025, Ren\u00e9e Nicole Good y Alex Jeffrey Pretti en Minneapolis en enero de 2026, cuyos asesinatos a manos del ICE fueron totalmente injustificados.<\/p>\n\n\n\n<p class=\"\">Al mismo tiempo, se ha producido un aumento dr\u00e1stico en los centros de detenci\u00f3n para migrantes (desde Alcatraz hasta Guant\u00e1namo), separando a las familias de los inmigrantes expulsados. La estrategia est\u00e1 dise\u00f1ada para crear un clima de miedo que provoque la autodeportaci\u00f3n de los inmigrantes.\u201c<\/p>\n\n\n\n<p class=\"\">El poder ejecutivo estadounidense persigue objetivos pol\u00edticos con su caza de brujas terrorista contra los inmigrantes: quiere culpar a los inmigrantes del empeoramiento de las condiciones de trabajo y de vida, de la pobreza y la precariedad que sufren amplios sectores de la clase trabajadora.<\/p>\n\n\n\n<p class=\"\">La intenci\u00f3n es distraer a las masas trabajadoras de los problemas reales y salvaguardar los intereses de la oligarqu\u00eda financiera que domina el decadente imperialismo estadounidense. Trump persigue estos objetivos de forma directa, agresiva e imprudente, sin importarle el bienestar del pa\u00eds ni el destino de millones de migrantes, refugiados y proletarios, violando as\u00ed el derecho internacional, los derechos humanos y la Constituci\u00f3n de Estados Unidos.<\/p>\n\n\n\n<p class=\"\">La resistencia masiva que surgi\u00f3 en las Ciudades Gemelas y en otras ciudades estadounidenses para exigir la expulsi\u00f3n del ICE, mostrar solidaridad con los migrantes, oponerse a la violencia y la deportaci\u00f3n de inmigrantes y minor\u00edas \u00e9tnicas, y rechazar la colaboraci\u00f3n entre el ICE y las autoridades locales, representa un paso significativo en la lucha para detener las pol\u00edticas racistas y vergonzosas del gobierno de Trump. Sobre la base de esta experiencia, el movimiento obrero podr\u00e1 avanzar hacia fases m\u00e1s elevadas de lucha contra la opresi\u00f3n capitalista y fascista.<\/p>\n\n\n\n<h2 class=\"wp-block-heading\">Pol\u00edtica migratoria en Italia<\/h2>\n\n\n\n<p class=\"\">El \u201cmodelo Trump\u201d ha alentado a organizaciones neofascistas y chovinistas en Europa, particularmente en Italia, que han comenzado a importar el mismo enfoque, insert\u00e1ndolo en el \u00e1mbito de las pol\u00edticas migratorias seguidas durante mucho tiempo por la burgues\u00eda.<\/p>\n\n\n\n<p class=\"\">En las \u00faltimas d\u00e9cadas, la Italia imperialista ha adoptado pol\u00edticas de contenci\u00f3n, rechazo a la inmigraci\u00f3n y discriminaci\u00f3n contra los solicitantes de asilo, al igual que otros estados imperialistas, para gestionar las contradicciones de la migraci\u00f3n masiva. Un ejemplo de ello es la pol\u00edtica de \u201cexternalizaci\u00f3n\u201d de fronteras, que consiste en situar el control fronterizo y los flujos migratorios fuera del territorio nacional, delegando dichas responsabilidades a pa\u00edses dependientes.<\/p>\n\n\n\n<p class=\"\">Por consiguiente, la progresiva deslocalizaci\u00f3n de los mecanismos de control, vigilancia y detenci\u00f3n se ha encomendado a la polic\u00eda y las milicias de reg\u00edmenes africanos (como Libia, T\u00fanez y N\u00edger), que tienen la tarea de impedir que los migrantes (entre los que hay muchas mujeres y ni\u00f1os) emigren a Italia, deteni\u00e9ndolos en redes cada vez mayores de campos de concentraci\u00f3n, gestionados con frecuencia por traficantes de personas.<\/p>\n\n\n\n<p class=\"\">La Italia imperialista tiene un papel importante en el proceso de externalizaci\u00f3n de las fronteras, con el consenso sustancial de las instituciones europeas y los estados imperialistas que las componen.<\/p>\n\n\n\n<p class=\"\">Con la llegada al poder del gobierno de Meloni, la pol\u00edtica migratoria ha adquirido un car\u00e1cter a\u00fan m\u00e1s reaccionario, alimentada por una propaganda demag\u00f3gica desenfrenada sobre la &quot;invasi\u00f3n&quot;.\u201c<\/p>\n\n\n\n<p class=\"\">Los inmigrantes se est\u00e1n convirtiendo en chivos expiatorios de todos los males sociales que generan las pol\u00edticas de austeridad del gobierno y su apoyo a la guerra.<\/p>\n\n\n\n<p class=\"\">Cada d\u00eda, estos chivos expiatorios son arrojados a los titulares, acusados de toda clase de delitos: importaci\u00f3n de delincuencia, drogas, prostituci\u00f3n, enfermedades, etc. Se les presenta como un grave peligro que debe ser eliminado a toda costa.<\/p>\n\n\n\n<p class=\"\">Las r\u00edgidas medidas migratorias del gobierno de Meloni incluyen: un bloqueo naval para impedir el paso de embarcaciones por el Mediterr\u00e1neo (resultado: 600 migrantes muertos en los primeros meses de este a\u00f1o); la prohibici\u00f3n de entrar en aguas territoriales; enfrentamientos p\u00fablicos con organizaciones no gubernamentales, acusadas de promover la inmigraci\u00f3n ilegal; expulsiones aceleradas y repatriaciones forzadas; acuerdos internacionales con T\u00fanez, Libia y centros de detenci\u00f3n extracomunitarios (en Albania); y la entrada planificada vinculada a la mano de obra en determinados sectores (trabajadores agr\u00edcolas, cuidadores, etc.).<\/p>\n\n\n\n<h2 class=\"wp-block-heading\">El plan fascista de remigraci\u00f3n en Italia<\/h2>\n\n\n\n<p class=\"\">Recientemente, el debate pol\u00edtico sobre inmigraci\u00f3n y remigraci\u00f3n se ha vuelto a\u00fan m\u00e1s acalorado, marcado por la entrada en escena del general Roberto Vannacci, perteneciente aparentemente a la derecha populista y xen\u00f3foba vinculada a elementos fascistas en el ej\u00e9rcito.<\/p>\n\n\n\n<p class=\"\">Vannacci, quien una vez estuvo afiliado a la Liga de Matteo Salvini como su vicesecretario, posteriormente abandon\u00f3 ese partido para fundar &quot;Futuro Nacional&quot;, un partido chovinista extremo. <br>Partido pol\u00edtico que pertenece al mismo grupo parlamentario que la AfD en el Parlamento Europeo en Estrasburgo.<\/p>\n\n\n\n<p class=\"\">En el contexto italiano, ya dominado por un gobierno de derecha conocido por su apoyo al sionismo y su subordinaci\u00f3n a las \u00f3rdenes de Estados Unidos y la Uni\u00f3n Europea, la aparici\u00f3n de Vannacci en la arena pol\u00edtica representa la \u00faltima &quot;llave maestra&quot; utilizada por la burgues\u00eda imperialista para acelerar la introducci\u00f3n de nuevas medidas represivas destinadas a confrontar los movimientos de masas, los trabajadores migrantes y el proletariado local.<\/p>\n\n\n\n<p class=\"\">El debate pol\u00edtico sobre este tema en Italia ha experimentado otro per\u00edodo de aceleraci\u00f3n y polarizaci\u00f3n tras el refer\u00e9ndum de principios de 2026 conocido como &quot;Remigraci\u00f3n y Reconquista&quot;.\u201c<\/p>\n\n\n\n<p class=\"\">Esta propuesta, ideada por un comit\u00e9 formado por neofascistas de Casa Pound <em>(Nota del traductor: una sociedad fascista de extrema derecha en Italia que lleva el nombre del conocido portavoz fascista estadounidense Ezra Pound).<\/em> y otras tres formaciones nacionalistas de extrema derecha: Patriots&#039; Network, VFS <em>(Nota del traductor: cabezas rapadas de la regi\u00f3n del V\u00e9neto, en el noreste de Italia)<\/em>, y Brescia para los brescianos \u2014 consta de 24 art\u00edculos que tienen como objetivo contrarrestar la inmigraci\u00f3n ilegal y la explotaci\u00f3n de mano de obra extranjera, seg\u00fan las intenciones de sus promotores.<\/p>\n\n\n\n<p class=\"\">El car\u00e1cter fascista, xen\u00f3fobo y racista del refer\u00e9ndum se traduce en acciones agresivas e inhumanas que carecen de toda legitimidad constitucional o derecho internacional, y que no persiguen ni la seguridad ni la lucha contra la explotaci\u00f3n de la mano de obra inmigrante, lo cual requerir\u00eda acciones contra las corporaciones que obtienen enormes beneficios a costa de un proletariado inmigrante de bajo coste.<\/p>\n\n\n\n<p class=\"\">El texto del refer\u00e9ndum contiene normas que perjudicar\u00e1n a las familias proletarias con pol\u00edticas m\u00e1s restrictivas en torno a la reunificaci\u00f3n familiar, una vigilancia m\u00e1s intrusiva de la vida de los migrantes, procedimientos m\u00e1s estrictos para la expulsi\u00f3n y la deportaci\u00f3n, y una mayor institucionalizaci\u00f3n de los centros de detenci\u00f3n administrativa, verdaderos campos de concentraci\u00f3n donde las &quot;estancias&quot; de los migrantes se convierten en un encarcelamiento prolongado al aire libre.<\/p>\n\n\n\n<p class=\"\">El verdadero objetivo de los partidarios &quot;soberanistas&quot; del programa nacional de remigraci\u00f3n, respaldados por la derecha estadounidense (como se revela en la Estrategia de Seguridad Nacional de Trump), es sustituir la lucha de clases por la lucha \u00e9tnica, con un llamamiento a la alianza de trabajadores y empresarios italianos contra todos los inmigrantes, con el fin de crear una fuerza laboral m\u00e1s marginada y chantajeada, propicia para una explotaci\u00f3n m\u00e1s intensa (en Italia, los inmigrantes representan aproximadamente 10,51 TP3T de la fuerza laboral, o alrededor de cuatro millones de trabajadores).<\/p>\n\n\n\n<p class=\"\">Este objetivo pol\u00edtico, perseguido por los sectores m\u00e1s agresivos y chovinistas de la burgues\u00eda industrial, agr\u00edcola y financiera, busca ahora un consenso de masas en las clases medias, aplastadas y empobrecidas por las crisis capitalistas y las pol\u00edticas monopol\u00edsticas, para descargar su odio sobre los inmigrantes en lugar de sobre el orden social predominante.<\/p>\n\n\n\n<p class=\"\">La propuesta ha reunido las firmas necesarias para su presentaci\u00f3n ante el Tribunal de Casaci\u00f3n (\u00f3rgano judicial de \u00faltima instancia). Su aprobaci\u00f3n depender\u00e1 no solo del apoyo que logre obtener del bloque burgu\u00e9s, sino tambi\u00e9n, y sobre todo, de la movilizaci\u00f3n masiva del proletariado y del pueblo, llamados a combatir esta \u00faltima medida autoritaria y racista.<\/p>\n\n\n\n<h2 class=\"wp-block-heading\">La cuesti\u00f3n de la migraci\u00f3n es fundamental para el desarrollo de la lucha de clases.<\/h2>\n\n\n\n<p class=\"\">En este peligroso contexto que emerge en los pa\u00edses imperialistas, debemos afirmar con firmeza que lo que se presenta como un mero intento de reformar la inmigraci\u00f3n, definido bajo el atractivo t\u00e9rmino de \u201cremigraci\u00f3n\u201d, es, en realidad, un proyecto de deportaci\u00f3n masiva y forzada por motivos \u00e9tnicos, sociales y culturales. Debemos combatirlo con todas las armas disponibles para el proletariado y los dem\u00e1s trabajadores de todos los pa\u00edses.<\/p>\n\n\n\n<p class=\"\">Este proyecto tiene como objetivo dividir y chantajear a los trabajadores, as\u00ed como aumentar su explotaci\u00f3n, ya sean inmigrantes o residentes locales.<\/p>\n\n\n\n<p class=\"\">La cuesti\u00f3n de la defensa de los inmigrantes es una de las cuestiones m\u00e1s relevantes de nuestro tiempo, que debe integrarse plenamente en la pol\u00edtica de un frente proletario unificado y de un frente antifascista y antiimperialista.<\/p>\n\n\n\n<p class=\"\">Si los empresarios y los gobiernos no escatiman esfuerzos para enfrentar a los trabajadores locales con los inmigrantes, creando barreras de incomprensi\u00f3n y odio entre ellos, nuestra tarea es resaltar la uniformidad de los intereses fundamentales de todos los trabajadores y defender a los sectores m\u00e1s d\u00e9biles y pobres del proletariado.<\/p>\n\n\n\n<p class=\"\">Nuestro deber es cooperar en la lucha unida a los migrantes, ayudar a su integraci\u00f3n en la lucha de las organizaciones laborales locales, participar en la lucha de clases de los explotados contra los explotadores y exigir una pol\u00edtica de acogida digna y respetuosa para los migrantes y la defensa de sus derechos, la reforma e igualaci\u00f3n de salarios y derechos, la abolici\u00f3n de las leyes racistas y antiinmigrantes y la expulsi\u00f3n de los centros de detenci\u00f3n &quot;administrativos&quot;, entre otras demandas.<\/p>\n\n\n\n<p class=\"\">Debemos iniciar campa\u00f1as masivas para oponernos a la aprobaci\u00f3n de leyes racistas y discriminatorias (como en Italia), condenar todas las formas de represi\u00f3n perpetradas en los estados imperialistas, empezando por los Estados Unidos de Trump, y organizar redes de apoyo para los trabajadores inmigrantes.<\/p>\n\n\n\n<p class=\"\">Las protestas en Toscana contra el \u201ccomit\u00e9 de remigraci\u00f3n\u201d, bajo gritos de \u201c\u00a1no hay lugar para los fascistas!\u201d y \u201c\u00a1podemos detenerlos!\u201d, fueron un ejemplo importante de lucha en la que los trabajadores inmigrantes desempe\u00f1aron un papel crucial. \u00a1Deben ser los fascistas y las milicias privadas de racistas quienes sean expulsados de nuestras ciudades, y no los trabajadores que vienen de otros pa\u00edses!<\/p>\n\n\n\n<p class=\"\">Debemos intensificar nuestra denuncia y condena del sistema capitalista e imperialista que est\u00e1 llevando a la devastaci\u00f3n de pa\u00edses enteros, provocando la inmigraci\u00f3n masiva y la huida de la pobreza de millones de los &quot;desdichados de la tierra&quot;, que luego son explotados hasta la m\u00e9dula, reprimidos y deportados a vergonzosos campos de concentraci\u00f3n.<\/p>\n\n\n\n<p class=\"\">La movilizaci\u00f3n contra las pol\u00edticas antimigratorias debe producirse a gran escala, como lo demuestran las grandes luchas en Estados Unidos, uniendo las luchas contra la remigraci\u00f3n y el peligro de guerra y fascismo ascendente en otros pa\u00edses, e incluyendo ambas en la lucha general por una nueva sociedad sin explotaci\u00f3n, racismo ni guerras de saqueo.<\/p>\n\n\n\n<p class=\"\">Nuestra tarea en el frente ideol\u00f3gico consiste en combatir el chovinismo educando a las masas trabajadoras explotadas y oprimidas en el esp\u00edritu del internacionalismo proletario y la solidaridad internacional de los trabajadores y los pueblos.<\/p>","protected":false},"excerpt":{"rendered":"<p>The worsening of the general crisis of the international capitalist system, together with the sharpening struggle among monopolistic groups and imperialist powers for raw materials and others\u2019 territories, has caused the economic and social destabilization of vast swathes of the planet. Whole countries and poor regions have been completely devastated by the conflicts, civil wars, aggressions, and plunder of millions of hectares of land and mineral resources by multi-national corporations and the wealthier countries which they control, by the blackmail perpetrated by predatory organs such as the IMF and the World Bank, and the continuous policies of theft carried out by finance capital and systemic environmental destruction, whose tragic consequences are already before our eyes.<\/p>","protected":false},"author":7,"featured_media":41247,"comment_status":"open","ping_status":"open","sticky":false,"template":"","format":"standard","meta":{"nf_dc_page":"","_monsterinsights_skip_tracking":false,"_monsterinsights_sitenote_active":false,"_monsterinsights_sitenote_note":"","_monsterinsights_sitenote_category":0,"jetpack_post_was_ever_published":false,"_jetpack_newsletter_access":"","_jetpack_dont_email_post_to_subs":false,"_jetpack_newsletter_tier_id":0,"_jetpack_memberships_contains_paywalled_content":false,"_jetpack_memberships_contains_paid_content":false,"footnotes":""},"categories":[177,21],"tags":[382],"class_list":["post-41243","post","type-post","status-publish","format-standard","has-post-thumbnail","hentry","category-immigration","category-international","tag-cipoml"],"jetpack_featured_media_url":"https:\/\/i0.wp.com\/redphoenix.news\/wp-content\/uploads\/2026\/04\/04-2026_remigration1.webp?fit=1100%2C733&ssl=1","jetpack_sharing_enabled":true,"_links":{"self":[{"href":"https:\/\/redphoenix.news\/es\/wp-json\/wp\/v2\/posts\/41243","targetHints":{"allow":["GET"]}}],"collection":[{"href":"https:\/\/redphoenix.news\/es\/wp-json\/wp\/v2\/posts"}],"about":[{"href":"https:\/\/redphoenix.news\/es\/wp-json\/wp\/v2\/types\/post"}],"author":[{"embeddable":true,"href":"https:\/\/redphoenix.news\/es\/wp-json\/wp\/v2\/users\/7"}],"replies":[{"embeddable":true,"href":"https:\/\/redphoenix.news\/es\/wp-json\/wp\/v2\/comments?post=41243"}],"version-history":[{"count":5,"href":"https:\/\/redphoenix.news\/es\/wp-json\/wp\/v2\/posts\/41243\/revisions"}],"predecessor-version":[{"id":41509,"href":"https:\/\/redphoenix.news\/es\/wp-json\/wp\/v2\/posts\/41243\/revisions\/41509"}],"wp:featuredmedia":[{"embeddable":true,"href":"https:\/\/redphoenix.news\/es\/wp-json\/wp\/v2\/media\/41247"}],"wp:attachment":[{"href":"https:\/\/redphoenix.news\/es\/wp-json\/wp\/v2\/media?parent=41243"}],"wp:term":[{"taxonomy":"category","embeddable":true,"href":"https:\/\/redphoenix.news\/es\/wp-json\/wp\/v2\/categories?post=41243"},{"taxonomy":"post_tag","embeddable":true,"href":"https:\/\/redphoenix.news\/es\/wp-json\/wp\/v2\/tags?post=41243"}],"curies":[{"name":"wp","href":"https:\/\/api.w.org\/{rel}","templated":true}]}}