{"id":41905,"date":"2026-05-01T10:23:44","date_gmt":"2026-05-01T15:23:44","guid":{"rendered":"https:\/\/redphoenix.news\/?p=41905"},"modified":"2026-05-01T10:30:39","modified_gmt":"2026-05-01T15:30:39","slug":"this-may-day-american-party-of-labor-members-share-why-they-are-communists","status":"publish","type":"post","link":"https:\/\/redphoenix.news\/es\/2026\/05\/this-may-day-american-party-of-labor-members-share-why-they-are-communists\/","title":{"rendered":"En este Primero de Mayo, miembros del Partido Laborista Estadounidense comparten por qu\u00e9 son comunistas."},"content":{"rendered":"<p class=\"\">Cada a\u00f1o, con motivo del D\u00eda Internacional de los Trabajadores, los miembros del Partido Laborista Estadounidense comparten lo que significa para ellos el Primero de Mayo. Este a\u00f1o, han respondido a la pregunta de por qu\u00e9 son comunistas. La radicalizaci\u00f3n se manifiesta de forma diferente en cada persona, y en el mundo actual, lo personal es pol\u00edtico. <\/p>\n\n\n\n<h6 class=\"wp-block-heading\">Thomas K. | Ohio\u2013<\/h6>\n\n\n\n<p class=\"\">Me hice comunista para poder servir a mis compa\u00f1eros y a mi comunidad lo mejor que pueda. No quer\u00eda servir a los intereses del empresario, sino estar al lado del trabajador que sacrifica su vida a diario. \u00a1El comunismo es la \u00fanica soluci\u00f3n pol\u00edtica, social y econ\u00f3mica para los trabajadores! Para m\u00ed, el Primero de Mayo es el d\u00eda en que los trabajadores finalmente reciben el reconocimiento que merecen. Personas de todo el mundo se re\u00fanen para honrar a los trabajadores y recordar los sacrificios y las luchas de la clase trabajadora. \u00a1Es un d\u00eda de absoluta solidaridad!<\/p>\n\n\n\n<figure class=\"wp-block-image size-medium\"><img decoding=\"async\" width=\"1536\" height=\"2048\" loading=\"lazy\" src=\"https:\/\/i0.wp.com\/redphoenix.news\/wp-content\/uploads\/2026\/05\/05-01-2026_thomas.jpg?fit=225%2C300&amp;ssl=1\" alt=\"\" class=\"wp-image-41922\" srcset=\"https:\/\/i0.wp.com\/redphoenix.news\/wp-content\/uploads\/2026\/05\/05-01-2026_thomas.jpg?w=1536&amp;ssl=1 1536w, https:\/\/i0.wp.com\/redphoenix.news\/wp-content\/uploads\/2026\/05\/05-01-2026_thomas.jpg?resize=225%2C300&amp;ssl=1 225w, https:\/\/i0.wp.com\/redphoenix.news\/wp-content\/uploads\/2026\/05\/05-01-2026_thomas.jpg?resize=768%2C1024&amp;ssl=1 768w, https:\/\/i0.wp.com\/redphoenix.news\/wp-content\/uploads\/2026\/05\/05-01-2026_thomas.jpg?resize=1152%2C1536&amp;ssl=1 1152w, https:\/\/i0.wp.com\/redphoenix.news\/wp-content\/uploads\/2026\/05\/05-01-2026_thomas.jpg?resize=9%2C12&amp;ssl=1 9w, https:\/\/i0.wp.com\/redphoenix.news\/wp-content\/uploads\/2026\/05\/05-01-2026_thomas.jpg?resize=1320%2C1760&amp;ssl=1 1320w, https:\/\/i0.wp.com\/redphoenix.news\/wp-content\/uploads\/2026\/05\/05-01-2026_thomas.jpg?resize=940%2C1253&amp;ssl=1 940w\" sizes=\"auto, (max-width: 1000px) 100vw, 1000px\" \/><figcaption class=\"wp-element-caption\">Thomas K.<\/figcaption><\/figure>\n\n\n\n<h6 class=\"wp-block-heading\">Michael F. | Nevada\u2013<\/h6>\n\n\n\n<p class=\"\">Crec\u00ed viendo c\u00f3mo las compa\u00f1\u00edas de seguros le negaban a mi madre atenci\u00f3n m\u00e9dica esencial en farmacias y hospitales privados. La vi sufrir innecesariamente cuando los tratamientos que podr\u00edan haberla ayudado a tener una vida digna estaban bloqueados por un muro de pago. Vi a mi familia luchar para mantener una vivienda, siendo desalojados varias veces, para mantener el ocio de caseros par\u00e1sitos que no trabajaban. Vi c\u00f3mo la salud de mi padre, un trabajador incansable, se deterioraba mientras era explotado hasta la extenuaci\u00f3n solo para enriquecer a sus empleadores, mientras nosotros nos agobi\u00e1bamos con las facturas mes tras mes. Vi c\u00f3mo mis sue\u00f1os y ambiciones se desvanec\u00edan cuando descubr\u00ed que la educaci\u00f3n superior est\u00e1 reservada para los ricos. Vi por todas partes personas sin hogar, drogadicci\u00f3n y muerte prematura entre mis amigos y familiares, entre la gente trabajadora. Siendo adolescente, comenc\u00e9 a leer sobre la situaci\u00f3n pol\u00edtica mundial para comprender mejor todo ese sufrimiento, y aprend\u00ed sobre el colonialismo, el imperialismo y toda la matanza sin sentido que emplean en nombre del lucro. Me resultaba incomprensible que alguien pudiera ver todo esto y no hacer nada. Por eso me hice comunista.&nbsp;<\/p>\n\n\n\n<h6 class=\"wp-block-heading\">Josephine R. | Michigan\u2013&nbsp;<\/h6>\n\n\n\n<p class=\"\">Ver a tu madre cargar la compra en un carrito y marcharse sin m\u00e1s porque no pod\u00edamos permit\u00edrnosla te afecta de ni\u00f1o. O\u00edr a tu madre llorar porque los tratamientos que necesita no est\u00e1n cubiertos por el seguro y no podemos costearlos te afecta. Ver una y otra vez historias de polic\u00edas que matan gente y no sufren consecuencias poco despu\u00e9s de que te apunten con sus armas a ti y a tu padre sin motivo alguno te afecta. Empiezas a hacerte preguntas. Con suerte, lees los libros adecuados y encuentras las respuestas correctas. Marx, Engels, Lenin, Stalin y Hoxha ten\u00edan las respuestas que yo busqu\u00e9 durante a\u00f1os.&nbsp;<\/p>\n\n\n\n<h6 class=\"wp-block-heading\">Ken S. | Nueva Jersey\u2013<\/h6>\n\n\n\n<p class=\"\">Crec\u00ed viendo c\u00f3mo el capitalismo destru\u00eda y marginaba a una persona trabajadora y de clase obrera: mi padre. Los avances tecnol\u00f3gicos hicieron que su trabajo sindicalizado quedara obsoleto, lo despidieron varias veces y perdi\u00f3 por completo su pensi\u00f3n sindical. Me cost\u00f3 encontrar la respuesta correcta y finalmente encontr\u00e9 el comunismo, el \u00fanico sistema que comprende y aprovecha lo que significa ser de clase trabajadora. \u00a1La lucha por la clase trabajadora es la \u00fanica lucha que vale la pena!&nbsp;<\/p>\n\n\n\n<h6 class=\"wp-block-heading\">John M. | Colorado\u2013<\/h6>\n\n\n\n<p class=\"\">Para m\u00ed, el Primero de Mayo es un d\u00eda para celebrar la toma de conciencia de clase, recordar la historia de quienes lucharon antes, reflexionar sobre los trabajadores de otras tierras y saber que no estoy solo en esta lucha contra la explotaci\u00f3n capitalista.<\/p>\n\n\n\n<p class=\"\">Durante la mayor parte de mi vida adulta, fui bastante retr\u00f3grado. Me consideraba de todo, desde apol\u00edtico hasta libertario conservador. He trabajado los \u00faltimos 30 a\u00f1os en trabajos extenuantes, pero siempre me dijeron que el trabajo duro da sus frutos\u2026 S\u00ed, para los jefes. Mi vida siempre ha sido una lucha, pero mi conciencia de clase era negativa. En 2018, inici\u00e9 una relaci\u00f3n con una mujer maravillosa y, de alguna manera, ella me impuls\u00f3 a inclinarme hacia la izquierda. Tristemente, un d\u00eda llegu\u00e9 a casa del trabajo y la encontr\u00e9 fallecida. Un terrible episodio de cetoacidosis diab\u00e9tica, consecuencia de la diabetes tipo 1, result\u00f3 ser demasiado para su cuerpo. Qued\u00e9 destrozado y quise esconderme para siempre, pero el capitalismo no te da tiempo para el duelo. Tuve que aprender a vivir a los 40, estando completamente solo y coste\u00e1ndome todo por mi cuenta. Nunca tendr\u00e9 una casa propia, nunca me jubilar\u00e9, trabajar\u00e9 hasta quedar completamente incapacitado o morir. Este no es el m\u00edstico e ilusorio sue\u00f1o americano. Nunca fue para m\u00ed, un simple obrero. Quiz\u00e1s nunca llegue a ver el socialismo en todo su esplendor en vida, pero luchar\u00e9 con u\u00f1as y dientes para asegurarme de que mi hijo y mi nieto tengan la oportunidad de verlo, porque no puedo concebir verlos vivir en un mundo de barbarie.<\/p>\n\n\n\n<figure class=\"wp-block-image size-medium\"><img decoding=\"async\" width=\"1536\" height=\"2048\" loading=\"lazy\" src=\"https:\/\/i0.wp.com\/redphoenix.news\/wp-content\/uploads\/2026\/05\/05-01-2026_john.jpg?fit=225%2C300&amp;ssl=1\" alt=\"\" class=\"wp-image-41925\" srcset=\"https:\/\/i0.wp.com\/redphoenix.news\/wp-content\/uploads\/2026\/05\/05-01-2026_john.jpg?w=1536&amp;ssl=1 1536w, https:\/\/i0.wp.com\/redphoenix.news\/wp-content\/uploads\/2026\/05\/05-01-2026_john.jpg?resize=225%2C300&amp;ssl=1 225w, https:\/\/i0.wp.com\/redphoenix.news\/wp-content\/uploads\/2026\/05\/05-01-2026_john.jpg?resize=768%2C1024&amp;ssl=1 768w, https:\/\/i0.wp.com\/redphoenix.news\/wp-content\/uploads\/2026\/05\/05-01-2026_john.jpg?resize=1152%2C1536&amp;ssl=1 1152w, https:\/\/i0.wp.com\/redphoenix.news\/wp-content\/uploads\/2026\/05\/05-01-2026_john.jpg?resize=9%2C12&amp;ssl=1 9w, https:\/\/i0.wp.com\/redphoenix.news\/wp-content\/uploads\/2026\/05\/05-01-2026_john.jpg?resize=1320%2C1760&amp;ssl=1 1320w, https:\/\/i0.wp.com\/redphoenix.news\/wp-content\/uploads\/2026\/05\/05-01-2026_john.jpg?resize=940%2C1253&amp;ssl=1 940w\" sizes=\"auto, (max-width: 1000px) 100vw, 1000px\" \/><figcaption class=\"wp-element-caption\">Juan M.<\/figcaption><\/figure>\n\n\n\n<h6 class=\"wp-block-heading\">Alex M. | Florida\u2013<\/h6>\n\n\n\n<p class=\"\">Un d\u00eda, mientras conduc\u00eda al trabajo, pens\u00e9: &quot;\u00bfPor qu\u00e9 conduzco m\u00e1s de una hora al d\u00eda para ir a un trabajo que odio solo para sobrevivir? \u00bfPor qu\u00e9 la vida moderna es as\u00ed? \u00bfQu\u00e9 puedo hacer para cambiarla?&quot;. Tras una serie de indagaciones sobre diferentes aspectos de la sociedad, me di cuenta de que mis ideas socialdem\u00f3cratas no ser\u00edan suficientes para cambiar nada de forma significativa. Necesitaba encontrar una manera real de generar un impacto. Finalmente, me top\u00e9 con una palabra que se supon\u00eda que deb\u00edamos temer: comunismo. Pero cuanto m\u00e1s le\u00eda, m\u00e1s sentido ten\u00eda, y m\u00e1s evidente se volv\u00eda que este era el \u00fanico camino a seguir. Despu\u00e9s del nacimiento de mi hijo, mis convicciones se fortalecieron a\u00fan m\u00e1s. Quiero construir un mundo mejor, no solo para \u00e9l, sino para sus amigos y los amigos de todos ellos. Quiero crear un mundo digno de heredar, libre de violencia y explotaci\u00f3n masivas. Por eso me convert\u00ed en comunista.<\/p>\n\n\n\n<h6 class=\"wp-block-heading\">Pearse M. | California\u2013<\/h6>\n\n\n\n<p class=\"\">Soy comunista porque creo en la humanidad. Creo en el experimento humano y quiero que contin\u00fae. Quiero que se acabe la pobreza, la explotaci\u00f3n, la escasez, la guerra y todas las dem\u00e1s formas de violencia social que el capitalismo no solo permite, sino que son fundamentales para su existencia. Lo quiero para toda la humanidad y har\u00eda cualquier cosa para lograrlo.<\/p>\n\n\n\n<h6 class=\"wp-block-heading\">Ilektra Andricopoulos | Oreg\u00f3n-<\/h6>\n\n\n\n<p class=\"\">Desde siempre he sentido una profunda admiraci\u00f3n y pasi\u00f3n por la ciencia, la tecnolog\u00eda y el arte. Me maravilla el esplendor del cosmos, la belleza del mundo natural y de nuestro planeta, y la creatividad e ingenio ilimitados de quienes lo habitan. Todo esto se ve menoscabado, deteriorado y subestimado bajo el capitalismo, un sistema que, por encima de todo, valora la acumulaci\u00f3n de ganancias para una minor\u00eda cada vez m\u00e1s reducida. \u00a1Y no solo eso, sino que el futuro de nuestro planeta y de todos sus habitantes est\u00e1 en juego debido a este mismo sistema! Cuando se dirige una sociedad basada \u00fanicamente en el progreso, en un crecimiento infinito sin importar su sostenibilidad ni su impacto en la biosfera, inevitablemente se producen crisis existenciales como la que enfrentamos ahora.<\/p>\n\n\n\n<p class=\"\">Solo el comunismo, un sistema dirigido enteramente por y para la clase trabajadora, la gente que realmente trabaja para construir el mundo que compartimos, puede conducir a la verdadera prosperidad y abundancia. <em>a pesar de. <\/em>Solo bajo el comunismo, realizado mediante la aplicaci\u00f3n deliberada de los principios del marxismo-leninismo, el ingenio, la creatividad y la expresi\u00f3n art\u00edstica humanas podr\u00e1n alcanzar su m\u00e1ximo potencial y florecer como nunca antes en una sociedad de clases. Solo el comunismo, el \u00fanico sistema que opera sobre una base racional y cient\u00edfica, podr\u00e1 proteger y cuidar el planeta que llamamos hogar, permiti\u00e9ndonos a la vez vivir y prosperar en una civilizaci\u00f3n tecnol\u00f3gicamente avanzada y sostenible. Solo el comunismo nos permitir\u00e1 expandir verdaderamente los l\u00edmites del conocimiento humano, desarrollar las herramientas necesarias para adentrarnos en el cosmos y comenzar a comprender plenamente la naturaleza misma de nuestra existencia. <\/p>\n\n\n\n<p class=\"\">Soy comunista porque ser comunista es ser humano, creer en la humanidad y su potencial verdaderamente ilimitado, y creer que hemos llegado demasiado lejos como especie como para tirarlo todo por la borda solo para que un par de par\u00e1sitos y peces gordos se atiborren de los frutos de nuestro trabajo unos pocos a\u00f1os m\u00e1s antes de que nuestro medio ambiente colapse por completo. El futuro pertenece a la clase trabajadora, pero solo si trabajamos juntos para conquistarlo. <em>voluntad<\/em> Ganar, de eso no tengo la m\u00e1s m\u00ednima duda.<\/p>\n\n\n\n<figure class=\"wp-block-image size-medium\"><img decoding=\"async\" width=\"1536\" height=\"2048\" loading=\"lazy\" src=\"https:\/\/i0.wp.com\/redphoenix.news\/wp-content\/uploads\/2026\/05\/05-01-2026_ilektra.jpg?fit=225%2C300&amp;ssl=1\" alt=\"\" class=\"wp-image-41924\" srcset=\"https:\/\/i0.wp.com\/redphoenix.news\/wp-content\/uploads\/2026\/05\/05-01-2026_ilektra.jpg?w=1536&amp;ssl=1 1536w, https:\/\/i0.wp.com\/redphoenix.news\/wp-content\/uploads\/2026\/05\/05-01-2026_ilektra.jpg?resize=225%2C300&amp;ssl=1 225w, https:\/\/i0.wp.com\/redphoenix.news\/wp-content\/uploads\/2026\/05\/05-01-2026_ilektra.jpg?resize=768%2C1024&amp;ssl=1 768w, https:\/\/i0.wp.com\/redphoenix.news\/wp-content\/uploads\/2026\/05\/05-01-2026_ilektra.jpg?resize=1152%2C1536&amp;ssl=1 1152w, https:\/\/i0.wp.com\/redphoenix.news\/wp-content\/uploads\/2026\/05\/05-01-2026_ilektra.jpg?resize=9%2C12&amp;ssl=1 9w, https:\/\/i0.wp.com\/redphoenix.news\/wp-content\/uploads\/2026\/05\/05-01-2026_ilektra.jpg?resize=1320%2C1760&amp;ssl=1 1320w, https:\/\/i0.wp.com\/redphoenix.news\/wp-content\/uploads\/2026\/05\/05-01-2026_ilektra.jpg?resize=940%2C1253&amp;ssl=1 940w\" sizes=\"auto, (max-width: 1000px) 100vw, 1000px\" \/><figcaption class=\"wp-element-caption\">Ilektra Andricopoulos<\/figcaption><\/figure>\n\n\n\n<h6 class=\"wp-block-heading\">Ian H. | Colorado\u2013<\/h6>\n\n\n\n<p class=\"\">Crec\u00ed escuchando valores como \u201ctrata a los dem\u00e1s como quieres que te traten\u201d y \u201ctodos somos creados iguales\u201d. Durante mi infancia y juventud, me di cuenta de que muchas personas a mi alrededor simplemente repet\u00edan estos valores en lugar de ponerlos en pr\u00e1ctica. En la escuela secundaria, me interes\u00e9 por la sociolog\u00eda, la filosof\u00eda, la econom\u00eda y las ciencias pol\u00edticas, y comenc\u00e9 mi camino de estudio independiente sobre estos temas, que me acompa\u00f1ar\u00eda toda la vida. Tras identificar la hipocres\u00eda de mi familia, pronto descubr\u00ed la del gobierno estadounidense. Despu\u00e9s de una d\u00e9cada de identificarme con el Partido Dem\u00f3crata, tuve que reconocer la inevitabilidad de su capitulaci\u00f3n ante sus donantes adinerados y dej\u00e9 de creer que el partido alguna vez apoyar\u00eda realmente los intereses de la clase trabajadora. <\/p>\n\n\n\n<p class=\"\">Cansado de ser enga\u00f1ado y manipulado por las limitaciones de las opciones que se me presentaban, comenc\u00e9 a buscar sabidur\u00eda menos convencional. Comenc\u00e9 a aprender historia desde la perspectiva de los oprimidos en lugar de lo que se hab\u00eda vuelto claramente para m\u00ed como propaganda capitalista. Como ya me autodenominaba &quot;socialista&quot;, me top\u00e9 con &quot;Socialismo para todos&quot; en YouTube, que publica teor\u00eda socialista y comunista antigua en formato de audiolibro. Esto fue extremadamente \u00fatil para m\u00ed, como persona ciega. Ya hab\u00eda le\u00eddo el Manifiesto Comunista, pero despu\u00e9s de escuchar otros textos, como <em>Imperialismo: La fase m\u00e1s avanzada del capitalismo<\/em> por VI Lenin y <em>Socialismo: ut\u00f3pico y cient\u00edfico<\/em> Tras leer a Friedrich Engels, me di cuenta de que por fin hab\u00eda encontrado lo que buscaba: una teor\u00eda s\u00f3lida y cient\u00edfica para superar el sufrimiento causado por las contradicciones del sistema capitalista. Despu\u00e9s de profundizar en el estudio, busqu\u00e9 una comunidad organizada en torno a los principios marxista-leninistas. El Partido Laborista Estadounidense me ha brindado el lugar que busco, sobre todo por su enfoque no reformista de la revoluci\u00f3n socialista, indispensable para la lucha por acabar con el capitalismo.<\/p>\n\n\n\n<h6 class=\"wp-block-heading\">M. | California\u2013<\/h6>\n\n\n\n<p class=\"\">Soy comunista porque debo hacer todo lo posible para luchar por un futuro sostenible para mis hijos: dejarles un mundo que no est\u00e9 al borde del colapso ambiental, saqueado por la extracci\u00f3n para el beneficio de unos pocos, devastado por el insaciable af\u00e1n de guerra en la b\u00fasqueda de una mayor acumulaci\u00f3n de riqueza; sino, en cambio, un mundo que promueva comunidades saludables, la producci\u00f3n de lo que la gente realmente necesita para vivir sus vidas, regida por una planificaci\u00f3n racional, el fin de todas las formas de discriminaci\u00f3n y una educaci\u00f3n real, basada en la ciencia, y el aprendizaje permanente para todos. <\/p>\n\n\n\n<p class=\"\">Esto puede sonar a mera fantas\u00eda idealista, pero estos objetivos son cient\u00edficamente alcanzables mediante el avance de la tecnolog\u00eda, la acci\u00f3n colectiva y la cooperaci\u00f3n, as\u00ed como con la ideolog\u00eda correcta que enfatice las necesidades de la liberaci\u00f3n comunitaria, y no solo las del individuo. En el pasado, se han construido sociedades as\u00ed, y podemos volver a hacerlo, pero solo si estudiamos, nos organizamos y combatimos a quienes nos oprimen y a nuestros intereses de clase. \u00danicamente el marxismo-leninismo antirrevisionista, refinado, desarrollado, probado y contrastado a lo largo de los dos \u00faltimos siglos, proporciona las herramientas y el marco anal\u00edtico necesarios para construir un mundo mejor y transformar a Estados Unidos, de basti\u00f3n de destrucci\u00f3n imperialista a gran escala, en un refugio humano para un futuro mejor. <\/p>\n\n\n\n<p class=\"\">A medida que las perspectivas de futuro se vuelven cada d\u00eda m\u00e1s sombr\u00edas, con el fortalecimiento del estado de vigilancia, el auge del fascismo y sus milicias en nuestras calles, la creciente demonizaci\u00f3n de los grupos oprimidos dentro de la clase trabajadora, el potencial de desencadenar m\u00e1s puntos de inflexi\u00f3n ambientales y la IA que amenaza con destruir nuestros medios de subsistencia, entre muchas otras amenazas inminentes para nuestra supervivencia, AHORA es el momento de actuar. El 1 de mayo es NUESTRO d\u00eda para aprender sobre la historia de nuestro movimiento, sus avances y retrocesos, y para comprometernos a luchar por el derrocamiento de nuestros amos capitalistas. \u00a1Liber\u00e9monos de nuestras cadenas, un\u00e1monos en torno a nuestros intereses de clase comunes y que la clase dominante tiemble ante la perspectiva de nuestra revoluci\u00f3n!<\/p>\n\n\n\n<h6 class=\"wp-block-heading\">Marci N. | Oreg\u00f3n\u2013<\/h6>\n\n\n\n<p class=\"\">Ver el mundo desmoronarse desde m\u00faltiples perspectivas pol\u00edticas y no encontrar jam\u00e1s respuestas en ninguna de ellas. El comunismo es el \u00fanico camino a seguir porque ha dado respuesta a todos los males del mundo. Tras experimentar de primera mano los s\u00edntomas del capitalismo, desde vivir en mi coche, vivir a la intemperie y no tener qu\u00e9 comer porque simplemente no pod\u00eda permit\u00edrmelo\u2026<\/p>\n\n\n\n<p class=\"\">El comunismo me aliment\u00f3, los comunistas me educaron y me infundieron un optimismo revolucionario.&nbsp;<\/p>\n\n\n\n<p class=\"\">Habr\u00e1 un mundo donde el potencial humano no est\u00e9 lastrado por el alquiler, los campos de exterminio, la dificultad para costear la comida, las facturas m\u00e9dicas y los bombardeos; el comunismo niega todo esto.&nbsp;&nbsp;&nbsp;<\/p>\n\n\n\n<p class=\"\">Quiero que mi optimismo revolucionario crezca indefinidamente en las entra\u00f1as de mi ciudad, que lo envuelva todo y que permita que todo lo que toque florezca infinitamente y haga que la clase trabajadora del mundo se una una y otra vez.&nbsp;&nbsp;<\/p>\n\n\n\n<p class=\"\">La clase trabajadora ganar\u00e1. Solo hay que tener paciencia.<\/p>\n\n\n\n<figure class=\"wp-block-image size-medium\"><img decoding=\"async\" width=\"1244\" height=\"1155\" loading=\"lazy\" src=\"https:\/\/i0.wp.com\/redphoenix.news\/wp-content\/uploads\/2026\/05\/05-01-2026_marci.png?fit=300%2C279&amp;ssl=1\" alt=\"\" class=\"wp-image-41928\" srcset=\"https:\/\/i0.wp.com\/redphoenix.news\/wp-content\/uploads\/2026\/05\/05-01-2026_marci.png?w=1244&amp;ssl=1 1244w, https:\/\/i0.wp.com\/redphoenix.news\/wp-content\/uploads\/2026\/05\/05-01-2026_marci.png?resize=300%2C279&amp;ssl=1 300w, https:\/\/i0.wp.com\/redphoenix.news\/wp-content\/uploads\/2026\/05\/05-01-2026_marci.png?resize=1024%2C951&amp;ssl=1 1024w, https:\/\/i0.wp.com\/redphoenix.news\/wp-content\/uploads\/2026\/05\/05-01-2026_marci.png?resize=768%2C713&amp;ssl=1 768w, https:\/\/i0.wp.com\/redphoenix.news\/wp-content\/uploads\/2026\/05\/05-01-2026_marci.png?resize=13%2C12&amp;ssl=1 13w, https:\/\/i0.wp.com\/redphoenix.news\/wp-content\/uploads\/2026\/05\/05-01-2026_marci.png?resize=940%2C873&amp;ssl=1 940w\" sizes=\"auto, (max-width: 1000px) 100vw, 1000px\" \/><figcaption class=\"wp-element-caption\">Marci N.<\/figcaption><\/figure>","protected":false},"excerpt":{"rendered":"<p>Every year for International Workers&#8217; Day, American Party of Labor members share what May Day means to them. This year, they&#8217;ve answered the question of..<\/p>","protected":false},"author":7,"featured_media":41917,"comment_status":"open","ping_status":"open","sticky":false,"template":"","format":"standard","meta":{"nf_dc_page":"","_monsterinsights_skip_tracking":false,"_monsterinsights_sitenote_active":false,"_monsterinsights_sitenote_note":"","_monsterinsights_sitenote_category":0,"jetpack_post_was_ever_published":false,"_jetpack_newsletter_access":"","_jetpack_dont_email_post_to_subs":false,"_jetpack_newsletter_tier_id":0,"_jetpack_memberships_contains_paywalled_content":false,"_jetpack_memberships_contains_paid_content":false,"footnotes":""},"categories":[181,97],"tags":[224],"class_list":["post-41905","post","type-post","status-publish","format-standard","has-post-thumbnail","hentry","category-labor","category-us-news","tag-american-party-of-labor"],"jetpack_featured_media_url":"https:\/\/i0.wp.com\/redphoenix.news\/wp-content\/uploads\/2026\/05\/05-2026_whycommunist.webp?fit=1200%2C628&ssl=1","jetpack_sharing_enabled":true,"_links":{"self":[{"href":"https:\/\/redphoenix.news\/es\/wp-json\/wp\/v2\/posts\/41905","targetHints":{"allow":["GET"]}}],"collection":[{"href":"https:\/\/redphoenix.news\/es\/wp-json\/wp\/v2\/posts"}],"about":[{"href":"https:\/\/redphoenix.news\/es\/wp-json\/wp\/v2\/types\/post"}],"author":[{"embeddable":true,"href":"https:\/\/redphoenix.news\/es\/wp-json\/wp\/v2\/users\/7"}],"replies":[{"embeddable":true,"href":"https:\/\/redphoenix.news\/es\/wp-json\/wp\/v2\/comments?post=41905"}],"version-history":[{"count":4,"href":"https:\/\/redphoenix.news\/es\/wp-json\/wp\/v2\/posts\/41905\/revisions"}],"predecessor-version":[{"id":41929,"href":"https:\/\/redphoenix.news\/es\/wp-json\/wp\/v2\/posts\/41905\/revisions\/41929"}],"wp:featuredmedia":[{"embeddable":true,"href":"https:\/\/redphoenix.news\/es\/wp-json\/wp\/v2\/media\/41917"}],"wp:attachment":[{"href":"https:\/\/redphoenix.news\/es\/wp-json\/wp\/v2\/media?parent=41905"}],"wp:term":[{"taxonomy":"category","embeddable":true,"href":"https:\/\/redphoenix.news\/es\/wp-json\/wp\/v2\/categories?post=41905"},{"taxonomy":"post_tag","embeddable":true,"href":"https:\/\/redphoenix.news\/es\/wp-json\/wp\/v2\/tags?post=41905"}],"curies":[{"name":"wp","href":"https:\/\/api.w.org\/{rel}","templated":true}]}}