{"id":5898,"date":"2011-05-14T03:34:58","date_gmt":"2011-05-14T03:34:58","guid":{"rendered":"http:\/\/theredphoenixapl.org\/?p=5898"},"modified":"2011-05-14T03:34:58","modified_gmt":"2011-05-14T03:34:58","slug":"resist-police-repression-of-political-expression","status":"publish","type":"post","link":"https:\/\/redphoenix.news\/es\/2011\/05\/resist-police-repression-of-political-expression\/","title":{"rendered":"Resist Police Repression of Political Expression!"},"content":{"rendered":"<p>[youtube=http:\/\/www.youtube.com\/watch?v=DfwYgT9dWX0&amp;feature=channel_video_title]<br \/>\n<span style=\"color:#000000;\"><strong>Save the Dates:<\/strong><\/span><\/p>\n<p><span style=\"color:#000000;\"><strong><\/strong>Thursday May 19th at Noon<\/span><br \/>\n<span style=\"color:#000000;\"> Tuesday May 24th at 9:30am<\/span><\/p>\n<p><span style=\"color:#000000;\"><strong>Join Us In Solidarity<\/strong><\/span><br \/>\n<span style=\"color:#000000;\"> <strong> Resist Police Repression of Political Expression!<\/strong><\/span><\/p>\n<h2><span style=\"color:#000000;\">Chicago May Day March Organizing Committee and Supporters against the CPD\u2019s May Day March Unjust &amp; Unlawful Citation<\/span><\/h2>\n<p><span style=\"color:#000000;\">Like our counterparts around the world, over one thousand Chicagoans celebrated International Workers Day on May 1st, 2011. In addition to commemorating past labor struggles, the now-historic march in Chicago raised awareness about pressing issues and struggles that face us today\u2014 attacks on immigrants at home, U.S. wars abroad, an exploitative economy, and more. But the day of peaceful and joyful assembly was marred by the cynical and repressive tactics of the Chicago Police Department (CPD). The CPD targeted Michael Johnson, a youth organizer of color for the Chicago May Day March, posing unwarranted threats of citation and possible arrest only minutes after the May Day rally at Plaza Tenochtitlan came to a close and the crowd dispersed.<\/span><\/p>\n<p><span style=\"color:#000000;\">Michael refused to be intimidated by police threats, however, and drew the attention of the remaining crowd, who immediately assembled in support. The unwavering response of all present affirms our conviction that we must resist attempts like these to restrict our right to freedom of speech, assembly and political expression!<\/span><\/p>\n<p><span style=\"color:#000000;\">The Chicago May Day March 2011 Organizing Committee invites you to review the account of the events below and join in our struggle defend these rights.<\/span><\/p>\n<p><span style=\"color:#000000;\">CPD officers threatened to issue a citation for conducting the march on the street (Ashland Avenue) in violation of the terms of the permit, which indicated the march was to take place on the sidewalk. Section 10-8-330 of the Chicago Municipal Code states that the commander on duty has jurisdiction to amend the terms of the permit on-site. Officers of CPD and commander on site, Deputy Chief Wayne M. Gulliford, gave a clear green light to march on the street, as is documented in photographs and video taken during the event and by people who witnessed the action.<\/span><\/p>\n<p><span style=\"color:#000000;\">Michael and the remaining marchers stood confident that these threats were being made on a false premise, and the police backed down in the face of a public confrontation. However, this did not prevent them from quietly issuing a citation to the permit signer, Andy Thayer. The Chicago May Day March Organizing Committee takes this to be a citation written to each one of us, to all our communities, to all of the people that marched on May Day and we object to it.<\/span><\/p>\n<p><span style=\"color:#000000;\">What happened on May Day, 2011 is part of a pattern of repression that we must face as members of a local, national and international community. We see it as no coincidence that the CPD first singled out a young activist of color. We are all too familiar with this cynical abuse of power that could not allow a collective of voices speaking against the status quo to have the final word. We know that this citation is not intended to punish us for where we marched, but for the fact that we marched at all. This citation is one seemingly arbitrary action, but we know it to be part of a pattern of police repression of political action. And the implications do not affect us as organizers and activists alone.<\/span><\/p>\n<p><span style=\"color:#000000;\">Our communities are negatively affected by the cumulative impact of many seemingly arbitrary actions that discourage participation. Cumulatively, they are part of a calculated attempt to silence our voices, narrow our vision of what is possible and facilitate our exit from the realm of public participation.<\/span><\/p>\n<p><span style=\"color:#000000;\">What&#8217;s more, forms of repression that might seem minor in the US context are in fact linked to more life-threatening scenarios around the world. The more pacified the US public is, the easier it is for the US government to perpetrate violence in our name. As a coalition of organizers who stand against militarism, empire, attacks on immigrants and other forms of injustice, we are compelled to resist every tactic that represses freedom of speech, public assembly and political expression.<\/span><\/p>\n<p><span style=\"color:#000000;\">If you also feel as compelled as we are to act on behalf of our right to assemble and our right to be free from intimidation, join us in resistance! Support our actions by signing on to this letter and by mobilizing others to do so as well.<\/span><\/p>\n<p><span style=\"color:#000000;\">We Invite You to Join Us! And ask for your Endorsement and Support for the Chicago May Day March Organizing Committee against the CPD\u2019s May Day March Citation.<\/span><br \/>\n<span style=\"color:#000000;\"> Send your organization\u2019s name and contact info to:<\/span><br \/>\n<span style=\"color:#000000;\"> moratoriumondeportaions@gmail.com<\/span><\/p>\n<p><span style=\"color:#000000;\">As an Endorsing Organization We Count on You in the Following Ways:<\/span><\/p>\n<p><span style=\"color:#000000;\">1. We will add your name to the list of organizations supporting the Chicago May Day March Organizing Committee against the CPD\u2019s May Day March Citation. We ask that you forward our call for endorsements to other organizations.<\/span><\/p>\n<p><span style=\"color:#000000;\">2. We count on you to help mobilize people for the Court Hearing and protest through your organization\u2019s networks: website, listservs, media contacts, allies. Stand with us Tuesday May 24, 2011 at 9:30am, 400 W. Superior, Room 101 (Our Goal of Supporters for the Court Date is 1,000 and more supporters. Supporters\u2019 presence is Vital!)<\/span><\/p>\n<p><span style=\"color:#000000;\">3. We count on you to attend the Press Conference, Action and Picket in front of the Chicago Police Department Headquarters (Thursday May 19th, 12noon, 3510 S. Michigan Ave). We will present a Citation to the CPD for their illegitimate attempts to limit political expression and for their ongoing attacks against the immigrant community.<\/span><\/p>\n<p><span style=\"color:#000000;\">More information you may contact us through the following:<\/span><\/p>\n<p><span style=\"color:#000000;\"><strong><span style=\"color:#0000ff;\">www.moratoriumondeportations.org<\/span><\/strong> or Facebook Page<\/span><\/p>\n<p><span style=\"color:#000000;\">E-mail: <strong><span style=\"color:#0000ff;\">moratoriumondeportations@gmail.com<\/span><\/strong><\/span><\/p>\n<p><span style=\"color:#000000;\">***************************************************************<\/span><\/p>\n<p><span style=\"color:#000000;\">De: El Comit\u00e9 Organizador de la Marcha del Primero de Mayo 2011<\/span><\/p>\n<p><span style=\"color:#000000;\">Contacto: <strong><span style=\"color:#0000ff;\">moratoriumondeportations@gmail.com<\/span><\/strong><\/span><\/p>\n<p><span style=\"color:#000000;\"><strong>Guarde las Fechas:<\/strong><\/span><\/p>\n<p><span style=\"color:#000000;\"><strong><\/strong>Jueves, 19 de Mayo a las 12 del Mediod\u00eda<\/span><br \/>\n<span style=\"color:#000000;\"> Martes, 24 de Mayo a las 9:30 am<\/span><\/p>\n<p><span style=\"color:#000000;\"><strong>\u00danase a nosotros en Solidaridad<\/strong><\/span><\/p>\n<p><span style=\"color:#000000;\"><strong>\u00a1Resistiendo a la represi\u00f3n policial por causa de la expresi\u00f3n pol\u00edtica!<\/strong><\/span><\/p>\n<h2><span style=\"color:#000000;\">Comit\u00e9 Organizador de la Marcha del Primero de Mayo y partidarios se unen en contra de la injusta e ilegitima Citaci\u00f3n que la polic\u00eda municipal otorg\u00f3 al grupo por haber marchado en la calle<\/span><\/h2>\n<p><span style=\"color:#000000;\">Al igual que nuestros compa\u00f1eros de todo el mundo, m\u00e1s de mil habitantes de Chicago conmemoraron el D\u00eda Internacional del Trabajador el 1 de mayo del 2011. Adem\u00e1s de celebrar las luchas pasadas del trabajador, la marcha ahora-hist\u00f3rica en Chicago crea conciencia acerca de cuestiones urgentes y las luchas que nos enfrentamos hoy en d\u00eda, como los ataques a los inmigrantes en este pa\u00eds, las guerras de EE.UU. en el extranjero, una econom\u00eda de explotaci\u00f3n, y mucho m\u00e1s. Pero el d\u00eda de reuni\u00f3n pac\u00edfica y alegre se vio empa\u00f1ado por la t\u00e1ctica c\u00ednica y represiva del Departamento de la Polic\u00eda de Chicago (CPD). A solo minutos despu\u00e9s de que la Manifestaci\u00f3n en la Plaza Tenochtitl\u00e1n llegara a su fin y solo despu\u00e9s de que la gente se hab\u00eda dispersado de la plaza el CPD se\u00f1alo a Michael Johnson, un joven de color y organizador de la Marcha, con amenazas injustas de Citaci\u00f3n a corte por haber realizado la marcha en la calle y de posible arresto.<\/span><\/p>\n<p><span style=\"color:#000000;\">Sin embargo, Michael se neg\u00f3 a dejarse intimidar por las amenazas de la polic\u00eda y llam\u00f3 la atenci\u00f3n de la multitud restante, que de inmediato se reuni\u00f3 en apoyo. \u00a1La respuesta firme de todos los presentes afirma nuestra convicci\u00f3n de que debemos resistir a los intentos como estos para restringir nuestro derecho a la libertad de expresi\u00f3n, reuni\u00f3n y expresi\u00f3n pol\u00edtica!<\/span><\/p>\n<p><span style=\"color:#000000;\">El Comit\u00e9 Organizador de la Marcha del Primero de Mayo del 2011 te invita a revisar la cuenta de los hechos a continuaci\u00f3n y a que te sumes a nuestra lucha por defender estos derechos.<\/span><\/p>\n<p><span style=\"color:#000000;\">Oficiales del Departamento de la Polic\u00eda de Chicago amenazaron con emitir una Citaci\u00f3n a corte por haber realizado la marcha en la calle (Ashland Ave.) en violaci\u00f3n de los t\u00e9rminos del permiso, cual indicaba que la marcha iba a tener lugar en la acera. La Secci\u00f3n 10-8-330 del C\u00f3digo Municipal de Chicago afirma que el comandante de guardia tiene capacidad de modificar los t\u00e9rminos del permiso durante el evento. El Comandante de guardia, Wayne M. Gulliford (Deputy Chief,) y los oficiales de polic\u00eda dieron una clara luz verde para que la marcha se llevara a cabo en la calle, como est\u00e1 documentado en fotograf\u00edas y videos tomados durante el evento y por la gente que fue testigo de la acci\u00f3n y \u00f3rdenes del comandante.<\/span><\/p>\n<p><span style=\"color:#000000;\">Michael y el resto de manifestantes estaban seguros de que estas amenazas se estaban realizando en un antecedente falso, al cual la polic\u00eda se retracto de lo dicho en ese instante en rostro de una confrontaci\u00f3n p\u00fablica. Sin embargo, esto no impidi\u00f3 que en voz baja emitieran la Citaci\u00f3n a la persona quien hab\u00eda firmado y colaborado con el permiso de la marcha, Andy Thayer. El Comit\u00e9 Organizador de la Marcha toma esto como si fuera una citaci\u00f3n escrita a cada uno de nosotros, a todas nuestras comunidades, a todas las personas que marcharon el primero de mayo y nos oponemos a ella.<\/span><\/p>\n<p><span style=\"color:#000000;\">Lo que pas\u00f3 el primero de mayo es parte de un patr\u00f3n de represi\u00f3n que debemos enfrentar como miembros de una comunidad local, nacional e internacional. Vemos que no es una simple coincidencia que el departamento de la polic\u00eda haiga se\u00f1alado primero, como responsable de los hechos, a un joven activista de color. Estamos muy familiarizados con este abuso c\u00ednico de poder que no permite, acepta o reconoce la \u00faltima palabra de las voces colectivas que denuncian y hablan en contra del sistema. Sabemos que esta Citaci\u00f3n a corte no pretende castigarnos por el donde marchamos, si no por el simplemente hecho de que marchamos en lo absoluto. Esta Citaci\u00f3n es una acci\u00f3n aparentemente arbitraria, pero sabemos que es parte de un patr\u00f3n de represi\u00f3n policial de acciones pol\u00edticas y que las consecuencias no solo nos afectan a nosotros como organizadores y activistas de derechos.<\/span><\/p>\n<p><span style=\"color:#000000;\">Nuestras comunidades se ven afectadas negativamente por el impacto acumulativo de muchas acciones aparentemente arbitrarias que desalientan la participaci\u00f3n de la gente en acciones como la del primero de mayo. En conjunto, estas acciones policiales, son parte de un intento calculado para silenciar nuestra voz, para reducir nuestra visi\u00f3n de lo que es posible y para facilitar nuestra salida del panorama de la participaci\u00f3n del p\u00fablico.<\/span><\/p>\n<p><span style=\"color:#000000;\">Es m\u00e1s, las formas de represi\u00f3n que puede parecer de menor importancia en el contexto de los EE.UU. se considerar\u00e1n vinculadas a situaciones m\u00e1s peligrosas para la vida en todo el mundo. Cuanto m\u00e1s calmado el p\u00fablico en EE.UU. es, m\u00e1s f\u00e1cil ser\u00e1 para el gobierno de los EE.UU. para perpetrar la violencia en nuestro nombre. Como una coalici\u00f3n de organizadores que se oponen al militarismo, el imperio, los ataques contra los inmigrantes y otras formas de injusticia, nos vemos obligados a resistir todas las t\u00e1cticas que reprimen la libertad de expresi\u00f3n, reuni\u00f3n y la expresi\u00f3n pol\u00edtica p\u00fablica.<\/span><\/p>\n<p><span style=\"color:#000000;\">Si te sientes con la misma convicci\u00f3n que nosotros tenemos para actuar en nombre de nuestro derecho de reuni\u00f3n y nuestro derecho a estar libre de intimidaci\u00f3n, \u00a1\u00fanete a nosotros en la resistencia! Apoya nuestras acciones mediante la firma de la presente Nota y ayuda a la movilizaci\u00f3n de los dem\u00e1s a hacer lo mismo.<\/span><\/p>\n<p><span style=\"color:#000000;\">\u00a1Te invitamos a participar! Y pedimos tu respaldo y apoyo para el Comit\u00e9 Organizador de la Marcha Primero de Mayo 2011 en contra de la Citaci\u00f3n a corte que otorg\u00f3 el departamento de la polic\u00eda de Chicago Env\u00eda el nombre de tu organizaci\u00f3n e informaci\u00f3n de contacto a:<\/span><br \/>\n<span style=\"color:#000000;\"> moratoriumondeportaions@gmail.com<\/span><\/p>\n<p><span style=\"color:#000000;\">Como una organizaci\u00f3n de Apoyo contamos contigo en las siguientes maneras:<\/span><\/p>\n<p><span style=\"color:#000000;\">1. Vamos a a\u00f1adir su nombre a la lista de organizaciones que apoyan al Comit\u00e9 Organizador de la Marcha del Primero de Mayo 2011 en contra de la Citaci\u00f3n de corte otorgada por el departamento de la Polic\u00eda de Chicago. Le pedimos que transmitan nuestro llamado para firmar la presente carta a otras organizaciones.<\/span><\/p>\n<p><span style=\"color:#000000;\">2. Contamos con ustedes para ayudar a movilizar a la gente para la audiencia y protesta (El d\u00eda Martes 24 de mayo 2011 a las 9:30 am, Direcci\u00f3n: 400 W. Superior, Sala 101) a trav\u00e9s de sus redes de organizaci\u00f3n: p\u00e1gina web, listas de correo, contactos de prensa, aliados, etc. (Nuestra meta de personas de apoyo para la audiencia es de 1, 000 y m\u00e1s personas. \u00a1La presencia de la gente el d\u00eda de la corte es vital!)<\/span><\/p>\n<p><span style=\"color:#000000;\">3. Contamos con ustedes para asistir a la conferencia de prensa, Acci\u00f3n y piquete en frente a la sede del Departamento de Polic\u00eda de Chicago (Jueves 19 de Mayo, 12 del mediod\u00eda. 3510 S. Michigan Ave.) Vamos a presentar una citaci\u00f3n a la CPD por sus intentos ileg\u00edtimos de limitar la expresi\u00f3n pol\u00edtica y de los ataques en curso en contra de la comunidad inmigrante.<\/span><\/p>\n<p><span style=\"color:#000000;\">Para m\u00e1s informaci\u00f3n: <strong><span style=\"color:#0000ff;\">www.moratoriumondeportations.org<\/span><\/strong> or Facebook Page<\/span><\/p>\n<p><span style=\"color:#000000;\">E-mail: <span style=\"color:#0000ff;\"><strong>moratoriumondeportations@gmail.com<\/strong><\/span><\/span><\/p>\n","protected":false},"excerpt":{"rendered":"<p>[youtube=http:\/\/www.youtube.com\/watch?v=DfwYgT9dWX0&amp;feature=channel_video_title] Save the Dates: Thursday May 19th at Noon Tuesday May 24th at 9:30am Join Us In Solidarity Resist Police Repression of Political Expression! Chicago..<\/p>\n","protected":false},"author":1,"featured_media":0,"comment_status":"open","ping_status":"open","sticky":false,"template":"","format":"standard","meta":{"nf_dc_page":"","_monsterinsights_skip_tracking":false,"_monsterinsights_sitenote_active":false,"_monsterinsights_sitenote_note":"","_monsterinsights_sitenote_category":0,"jetpack_post_was_ever_published":false,"_jetpack_newsletter_access":"","_jetpack_dont_email_post_to_subs":false,"_jetpack_newsletter_tier_id":0,"_jetpack_memberships_contains_paywalled_content":false,"_jetpack_memberships_contains_paid_content":false,"footnotes":""},"categories":[166,181,84,97],"tags":[355,347],"class_list":["post-5898","post","type-post","status-publish","format-standard","hentry","category-government","category-labor","category-statements","category-us-news","tag-videos","tag-workers-struggle"],"jetpack_featured_media_url":"","jetpack_sharing_enabled":true,"_links":{"self":[{"href":"https:\/\/redphoenix.news\/es\/wp-json\/wp\/v2\/posts\/5898","targetHints":{"allow":["GET"]}}],"collection":[{"href":"https:\/\/redphoenix.news\/es\/wp-json\/wp\/v2\/posts"}],"about":[{"href":"https:\/\/redphoenix.news\/es\/wp-json\/wp\/v2\/types\/post"}],"author":[{"embeddable":true,"href":"https:\/\/redphoenix.news\/es\/wp-json\/wp\/v2\/users\/1"}],"replies":[{"embeddable":true,"href":"https:\/\/redphoenix.news\/es\/wp-json\/wp\/v2\/comments?post=5898"}],"version-history":[{"count":0,"href":"https:\/\/redphoenix.news\/es\/wp-json\/wp\/v2\/posts\/5898\/revisions"}],"wp:attachment":[{"href":"https:\/\/redphoenix.news\/es\/wp-json\/wp\/v2\/media?parent=5898"}],"wp:term":[{"taxonomy":"category","embeddable":true,"href":"https:\/\/redphoenix.news\/es\/wp-json\/wp\/v2\/categories?post=5898"},{"taxonomy":"post_tag","embeddable":true,"href":"https:\/\/redphoenix.news\/es\/wp-json\/wp\/v2\/tags?post=5898"}],"curies":[{"name":"wp","href":"https:\/\/api.w.org\/{rel}","templated":true}]}}